{"id":662,"date":"2023-07-02T06:55:19","date_gmt":"2023-07-02T06:55:19","guid":{"rendered":"https:\/\/tasimaliegitim.com\/blog\/?p=662"},"modified":"2023-07-02T06:59:10","modified_gmt":"2023-07-02T06:59:10","slug":"2023-temmuz-ayi-asgari-ucret-ayrintilari","status":"publish","type":"post","link":"https:\/\/tasimaliegitim.com\/blog\/2023-temmuz-ayi-asgari-ucret-ayrintilari\/","title":{"rendered":"2023 temmuz ay\u0131 asgari \u00fccret ayr\u0131nt\u0131lar\u0131"},"content":{"rendered":"\n<p>Asgari \u00fccret, bir \u00fclkede yasal olarak \u00e7al\u0131\u015fanlar\u0131n en d\u00fc\u015f\u00fck d\u00fczeyde ald\u0131\u011f\u0131 \u00fccreti ifade eder. T\u00fcrkiye&#8217;de asgari \u00fccret, \u00c7al\u0131\u015fma Genel M\u00fcd\u00fcrl\u00fc\u011f\u00fc ve \u00c7al\u0131\u015fma \u0130statistikleri Daire Ba\u015fkanl\u0131\u011f\u0131 taraf\u0131ndan belirlenir. <strong>01\/07\/2023 &#8211; 31\/12\/2023 <\/strong>d\u00f6nemi i\u00e7in yap\u0131lan hesaplamalara g\u00f6re, asgari \u00fccretin net miktar\u0131 ayl\u0131k <strong>11,402.32 TL<\/strong> olarak belirlenmi\u015ftir.<\/p>\n\n\n\n<p>Asgari \u00fccretin net miktar\u0131n\u0131n hesaplanmas\u0131nda \u00e7e\u015fitli kesintiler dikkate al\u0131n\u0131r. Bu kesintiler aras\u0131nda Sosyal G\u00fcvenlik Kurumu (SGK) primi ve i\u015fsizlik sigortas\u0131 primi bulunmaktad\u0131r.<strong> SGK primi oran\u0131 %14 olarak belirlenmi\u015f olup, ayl\u0131k 1,878.03 TL olarak hesaplanm\u0131\u015ft\u0131r<\/strong>. \u0130\u015fsizlik sigortas\u0131 primi ise %1 oran\u0131nda olup, ayl\u0131k 134.15 TL olarak hesaplanm\u0131\u015ft\u0131r. Bu kesintilerin toplam\u0131 2,012.18 TL&#8217;dir. Dolay\u0131s\u0131yla, asgari \u00fccretten yap\u0131lan kesintiler sonucunda elde edilen net asgari \u00fccret miktar\u0131 11,402.32 TL&#8217;dir.<\/p>\n\n\n\n<p>Asgari \u00fccretin i\u015fverene maliyeti de hesaplanmaktad\u0131r. \u0130\u015fveren, \u00e7al\u0131\u015fan\u0131n asgari \u00fccretine ek olarak baz\u0131 prim ve sigorta katk\u0131 paylar\u0131 \u00f6demekle y\u00fck\u00fcml\u00fcd\u00fcr. \u0130\u015fverenin asgari \u00fccrete ek olarak \u00f6deyece\u011fi SGK primi oran\u0131 %15.5 olarak belirlenmi\u015f olup, ayl\u0131k 2,079.25 TL olarak hesaplanm\u0131\u015ft\u0131r. \u0130\u015fveren i\u015fsizlik sigortas\u0131 primi ise %2 oran\u0131nda olup, ayl\u0131k 268.29 TL&#8217;dir. <strong>\u0130\u015fverene toplam maliyet ise 15,762.04 TL&#8217;dir.<\/strong> fakat bu rakam i\u00e7inde y\u00fczde 5 indirim mevcuttur. indirimsiz i\u015fveren maliyeti <strong>16.432,77 TL<\/strong> dir<\/p>\n\n\n\n<p>Bu hesaplamalar\u0131n yan\u0131 s\u0131ra, gelir vergisi ve damga vergisi gibi di\u011fer vergiler hesaplamalara dahil edilmemi\u015ftir. Ayr\u0131ca, 5510 say\u0131l\u0131 Kanunun 81. maddesinin (\u0131) bendine g\u00f6re baz\u0131 i\u015fverenlere SGK primi i\u015fveren pay\u0131nda 5 puanl\u0131k indirim uygulanabilmektedir. Ancak bu indirim, belirli \u015fartlar\u0131 sa\u011flayan i\u015fverenler i\u00e7in ge\u00e7erlidir. \u015eartlar\u0131 sa\u011flamayan i\u015fverenler i\u00e7in SGK primi i\u015fveren pay\u0131 %20.5 olarak uygulanmaktad\u0131r. Ayr\u0131ca, 6385 say\u0131l\u0131 kanunun 9. maddesiyle yap\u0131lan d\u00fczenleme ile 01.09.2013 tarihinden itibaren ge\u00e7erli olmak \u00fczere 5510 say\u0131l\u0131 kanunun 81. maddesine g\u00f6re k\u0131sa vadeli sigorta kollar\u0131 prim oran\u0131, sigortal\u0131n\u0131n prime esas kazanc\u0131n\u0131n %2&#8217;si olarak belirlenmi\u015ftir.<\/p>\n\n\n\n<p>Yukar\u0131daki Asgari \u00fccretin hesaplanmas\u0131 ve i\u015fverene maliyeti hakk\u0131nda bilgileri i\u00e7eren bu veriler, \u00e7al\u0131\u015fanlar\u0131n ve i\u015fverenlerin asgari \u00fccretin ekonomik etkilerini anlamalar\u0131na yard\u0131mc\u0131 olabilir.<\/p>\n\n\n\n<p>Asgari \u00fccret, \u00e7al\u0131\u015fanlar\u0131n en d\u00fc\u015f\u00fck d\u00fczeyde bir gelire sahip olmalar\u0131n\u0131 sa\u011flamak amac\u0131yla belirlenir. Net asgari \u00fccret, \u00e7al\u0131\u015fan\u0131n eline ge\u00e7en miktar\u0131 ifade ederken, i\u015fveren maliyeti ise i\u015fverenin asgari \u00fccrete ek olarak \u00f6dedi\u011fi prim ve sigorta katk\u0131 paylar\u0131n\u0131 temsil eder.<\/p>\n\n\n\n<p>Net asgari \u00fccretin hesaplanmas\u0131nda, \u00e7al\u0131\u015fan\u0131n br\u00fct asgari \u00fccretinden \u00e7e\u015fitli kesintiler yap\u0131l\u0131r. Bu kesintiler aras\u0131nda SGK primi ve i\u015fsizlik sigortas\u0131 primi bulunmaktad\u0131r. SGK primi oran\u0131 %14 olarak belirlenmi\u015f olup, \u00e7al\u0131\u015fan\u0131n br\u00fct asgari \u00fccretine bu oranda bir kesinti yap\u0131l\u0131r. \u0130\u015fsizlik sigortas\u0131 primi ise %1 olarak uygulan\u0131r. B\u00f6ylece, bu kesintilerin toplam\u0131 net asgari \u00fccreti olu\u015fturur.<\/p>\n\n\n\n<p>\u0130\u015fverenin maliyeti ise \u00e7al\u0131\u015fan\u0131n asgari \u00fccretine ek olarak baz\u0131 prim ve sigorta katk\u0131 paylar\u0131n\u0131 i\u00e7erir. SGK primi i\u015fveren pay\u0131, asgari \u00fccretin belirli bir y\u00fczdesi olarak hesaplan\u0131r. \u0130\u015fverenin asgari \u00fccrete ek olarak \u00f6dedi\u011fi SGK primi oran\u0131 %15.5&#8217;dir. \u0130\u015fveren ayr\u0131ca i\u015fsizlik sigortas\u0131 priminin de %2&#8217;sini kar\u015f\u0131lar. Bu \u015fekilde, i\u015fverenin toplam maliyeti belirlenir.<\/p>\n\n\n\n<p>Ancak belirtilmelidir ki, bu hesaplamalara gelir vergisi ve damga vergisi gibi di\u011fer vergiler dahil edilmemi\u015ftir. Ayr\u0131ca, i\u015fverenlerin baz\u0131 durumlarda SGK primi i\u015fveren pay\u0131nda 5 puanl\u0131k indirimden faydalanabildi\u011fi ve baz\u0131 durumlarda bu indirimin uygulanmad\u0131\u011f\u0131 da g\u00f6z \u00f6n\u00fcnde bulundurulmal\u0131d\u0131r.<\/p>\n\n\n\n<p>Net asgari \u00fccretin hesaplanmas\u0131 ve i\u015fveren maliyetinin belirlenmesi, \u00fclkedeki \u00e7al\u0131\u015fma ko\u015fullar\u0131 ve ekonomik durumu anlamak i\u00e7in \u00f6nemlidir. Bu veriler, asgari \u00fccret politikalar\u0131n\u0131n etkisini de\u011ferlendirmek, \u00e7al\u0131\u015fanlar\u0131n ya\u015fam standartlar\u0131n\u0131 belirlemek ve i\u015fverenlerin maliyetlerini planlamak a\u00e7\u0131s\u0131ndan \u00f6nemli bir rol oynar.<\/p>\n\n\n\n<p>Yukar\u0131da verilen bilgiler, 01\/07\/2023 &#8211; 31\/12\/2023 d\u00f6nemi i\u00e7in ge\u00e7erli olan asgari \u00fccretin net hesab\u0131n\u0131 ve i\u015fverene maliyetini a\u00e7\u0131klamaktad\u0131r. Ancak, asgari \u00fccret ve bu hesaplamalar d\u00f6nemsel olarak g\u00fcncellenebilir,<\/p>\n\n\n\n<p>ileriye d\u00f6n\u00fck olarak g\u00fcncel verilere dayanarak bir makale yazmak isterseniz, a\u015fa\u011f\u0131daki gibi devam edebiliriz:<\/p>\n\n\n\n<p>Asgari \u00fccret, bir \u00fclkede \u00e7al\u0131\u015fanlar\u0131n en d\u00fc\u015f\u00fck d\u00fczeyde bir gelir elde etmelerini sa\u011flamak amac\u0131yla belirlenen bir miktar\u0131 ifade eder. T\u00fcrkiye&#8217;de asgari \u00fccret, \u00c7al\u0131\u015fma Genel M\u00fcd\u00fcrl\u00fc\u011f\u00fc ve \u00c7al\u0131\u015fma \u0130statistikleri Daire Ba\u015fkanl\u0131\u011f\u0131 taraf\u0131ndan belirlenir. Bu makalede, 2023 y\u0131l\u0131 i\u00e7in ge\u00e7erli olan asgari \u00fccretin net hesab\u0131 ve i\u015fverene maliyeti hakk\u0131nda detayl\u0131 bilgileri aktaraca\u011f\u0131m.<\/p>\n\n\n\n<p>01\/07\/2023 &#8211; 31\/12\/2023 d\u00f6nemi i\u00e7in yap\u0131lan hesaplamalara g\u00f6re, asgari \u00fccretin net miktar\u0131 ayl\u0131k 11,402.32 TL olarak belirlenmi\u015ftir. Net asgari \u00fccretin hesaplanmas\u0131 i\u00e7in baz\u0131 kesintiler yap\u0131l\u0131r. Bu kesintiler aras\u0131nda Sosyal G\u00fcvenlik Kurumu (SGK) primi ve i\u015fsizlik sigortas\u0131 primi bulunur. SGK primi oran\u0131 %14 olarak belirlenmi\u015ftir ve bu oran \u00fczerinden hesaplama yap\u0131l\u0131r. Ayl\u0131k <strong>13,414.50 TL br\u00fct asgari \u00fccret <\/strong>\u00fczerinden hesapland\u0131\u011f\u0131nda, SGK primi olarak 1,878.03 TL kesinti yap\u0131l\u0131r. \u0130\u015fsizlik sigortas\u0131 primi ise %1 oran\u0131nda uygulan\u0131r ve ayl\u0131k 134.15 TL olarak hesaplan\u0131r. Bu kesintilerin toplam\u0131 2,012.18 TL&#8217;dir, dolay\u0131s\u0131yla net asgari \u00fccret 11,402.32 TL olarak belirlenir.<\/p>\n\n\n\n<p>Asgari \u00fccretin i\u015fverene maliyeti de hesaplan\u0131r. \u0130\u015fveren, \u00e7al\u0131\u015fan\u0131n asgari \u00fccretine ek olarak baz\u0131 prim ve sigorta katk\u0131 paylar\u0131n\u0131 \u00f6demekle y\u00fck\u00fcml\u00fcd\u00fcr. \u0130\u015fverenin asgari \u00fccrete ek olarak \u00f6dedi\u011fi SGK primi oran\u0131 %15.5&#8217;dir. Bu orana g\u00f6re ayl\u0131k 2,079.25 TL SGK primi \u00f6denir. \u0130\u015fveren ayr\u0131ca i\u015fsizlik sigortas\u0131 priminin %2&#8217;sini kar\u015f\u0131lar ve bu da ayl\u0131k 268.29 TL&#8217;ye denk gelir. \u0130\u015fverene toplam maliyet ise 15,762.04 TL olarak hesaplan\u0131r.<\/p>\n\n\n\n<p>Yukar\u0131daki hesaplamalar\u0131n yan\u0131 s\u0131ra, gelir vergisi ve damga vergisi gibi di\u011fer vergiler hesaplamalara dahil edilmemi\u015ftir. Ayr\u0131ca, baz\u0131 i\u015fverenlere SGK primi i\u015fveren pay\u0131nda 5 puanl\u0131k indirim uygulanabilmektedir. Ancak bu indirim, belirli \u015fartlar\u0131 sa\u011flayan i\u015fverenler i\u00e7in ge\u00e7erlidir. \u015eartlar\u0131 sa\u011flamayan i\u015fverenler i\u00e7in SGK primi i\u015fveren pay\u0131 %20.5 olarak uygulan\u0131r.<\/p>\n\n\n\n<p>Asgari \u00fccretin net hesab\u0131 ve i\u015fverene maliyeti, \u00e7al\u0131\u015fma hayat\u0131 ve ekonomik dengeler a\u00e7\u0131s\u0131ndan \u00f6nemlidir. Bu veriler, asgari \u00fccret politikalar\u0131n\u0131n etkisini de\u011ferlendirmek, \u00e7al\u0131\u015fanlar\u0131n ya\u015fam standartlar\u0131n\u0131 belirlemek ve i\u015fverenlerin maliyetlerini planlamak a\u00e7\u0131s\u0131ndan \u00f6nemli bir rol oynar.<\/p>\n\n\n\n<p>Asgari \u00fccretin net hesab\u0131, \u00e7al\u0131\u015fanlar\u0131n eline ge\u00e7en miktar\u0131 ifade eder. Net asgari \u00fccret hesaplamas\u0131nda SGK primi ve i\u015fsizlik sigortas\u0131 primi gibi kesintiler dikkate al\u0131n\u0131r. Bu kesintiler, \u00e7al\u0131\u015fan\u0131n br\u00fct asgari \u00fccretinden yap\u0131l\u0131r ve net asgari \u00fccret elde edilir. Ayr\u0131ca, gelir vergisi ve damga vergisi gibi di\u011fer vergiler de hesaplama d\u0131\u015f\u0131nda tutulmu\u015ftur. Bu vergiler, \u00e7al\u0131\u015fan\u0131n gelirine ba\u011fl\u0131 olarak farkl\u0131l\u0131k g\u00f6sterebilir.<\/p>\n\n\n\n<p>\u0130\u015fverene ise asgari \u00fccretin maliyeti hesaplan\u0131r. \u0130\u015fveren, \u00e7al\u0131\u015fan\u0131n asgari \u00fccretine ek olarak SGK primi i\u015fveren pay\u0131 ve i\u015fsizlik sigortas\u0131 primi gibi \u00f6demeler yapar. Bu primler, i\u015fverenin asgari \u00fccrete ek olarak \u00f6dedi\u011fi maliyetleri temsil eder. \u0130\u015fverenin toplam maliyeti, asgari \u00fccretin yan\u0131 s\u0131ra bu primlerin toplam\u0131ndan olu\u015fur. Ancak, di\u011fer vergiler ve i\u015fverenin \u00f6demek zorunda oldu\u011fu di\u011fer y\u00fck\u00fcml\u00fcl\u00fckler hesaplamaya dahil edilmedi\u011fi i\u00e7in i\u015fverenin toplam maliyeti daha geni\u015f bir perspektifle de\u011ferlendirilmelidir.<\/p>\n\n\n\n<p>Asgari \u00fccretin hesaplanmas\u0131 ve i\u015fverene maliyeti, bir \u00fclkedeki \u00e7al\u0131\u015fma hayat\u0131n\u0131n ve ekonomik ko\u015fullar\u0131n\u0131n bir yans\u0131mas\u0131d\u0131r. Bu nedenle, asgari \u00fccret politikalar\u0131n\u0131n g\u00fcncelli\u011fi, i\u015f\u00e7ilerin ya\u015fam standartlar\u0131n\u0131 iyile\u015ftirme \u00e7abalar\u0131 ve i\u015fverenlerin s\u00fcrd\u00fcr\u00fclebilirliklerini sa\u011flama \u00e7abalar\u0131yla birlikte ele al\u0131nmal\u0131d\u0131r.<\/p>\n\n\n\n<p>Asgari \u00fccretin net hesab\u0131 ve i\u015fverene maliyeti, \u00e7al\u0131\u015fma hayat\u0131ndaki taraflar aras\u0131ndaki dengeyi sa\u011flamak ve sosyal refah\u0131 art\u0131rmak i\u00e7in s\u00fcrekli olarak g\u00f6zden ge\u00e7irilmeli ve g\u00fcncellenmelidir. Bu sayede, \u00e7al\u0131\u015fanlar\u0131n adil bir \u00fccret almas\u0131n\u0131n yan\u0131 s\u0131ra i\u015fverenlerin de ekonomik olarak s\u00fcrd\u00fcr\u00fclebilir bir \u015fekilde faaliyet g\u00f6stermesi sa\u011flanabilir.<\/p>\n\n\n\n<p>Sonu\u00e7 olarak, asgari \u00fccretin net hesab\u0131 ve i\u015fverene maliyeti, bir \u00fclkedeki \u00e7al\u0131\u015fma hayat\u0131n\u0131n temel unsurlar\u0131ndan biridir. Bu veriler, \u00e7al\u0131\u015fanlar\u0131n ya\u015fam standartlar\u0131n\u0131 iyile\u015ftirmeye y\u00f6nelik politikalar\u0131n ve i\u015fverenlerin s\u00fcrd\u00fcr\u00fclebilirli\u011fini sa\u011flama \u00e7abalar\u0131n\u0131n de\u011ferlendirilir. <\/p>\n\n\n\n<p>bu bilgiler cumhurbaskanl\u0131\u011f\u0131n\u0131n web sitesinde ac\u0131klanan veriler \u00fczerinden analiz edilmi\u015ftir. herhangi bir sorumluluk kabul edilmez<\/p>\n\n\n\n<figure class=\"wp-block-image size-large\"><img loading=\"lazy\" decoding=\"async\" width=\"1024\" height=\"538\" src=\"https:\/\/tasimaliegitim.com\/blog\/wp-content\/uploads\/2023\/07\/Yeni-Proje-1024x538.jpg\" alt=\"\" class=\"wp-image-664\" srcset=\"https:\/\/tasimaliegitim.com\/blog\/wp-content\/uploads\/2023\/07\/Yeni-Proje-1024x538.jpg 1024w, https:\/\/tasimaliegitim.com\/blog\/wp-content\/uploads\/2023\/07\/Yeni-Proje-300x158.jpg 300w, https:\/\/tasimaliegitim.com\/blog\/wp-content\/uploads\/2023\/07\/Yeni-Proje-768x403.jpg 768w, https:\/\/tasimaliegitim.com\/blog\/wp-content\/uploads\/2023\/07\/Yeni-Proje-850x446.jpg 850w, https:\/\/tasimaliegitim.com\/blog\/wp-content\/uploads\/2023\/07\/Yeni-Proje.jpg 1200w\" sizes=\"auto, (max-width: 1024px) 100vw, 1024px\" \/><\/figure>\n\n\n\n<p><\/p>\n","protected":false},"excerpt":{"rendered":"<p>Asgari \u00fccret, bir \u00fclkede yasal olarak \u00e7al\u0131\u015fanlar\u0131n en d\u00fc\u015f\u00fck d\u00fczeyde ald\u0131\u011f\u0131 \u00fccreti ifade eder. T\u00fcrkiye&#8217;de asgari \u00fccret, \u00c7al\u0131\u015fma Genel M\u00fcd\u00fcrl\u00fc\u011f\u00fc ve \u00c7al\u0131\u015fma \u0130statistikleri Daire Ba\u015fkanl\u0131\u011f\u0131 taraf\u0131ndan belirlenir. 01\/07\/2023 &#8211; 31\/12\/2023 d\u00f6nemi i\u00e7in yap\u0131lan hesaplamalara g\u00f6re, asgari \u00fccretin net miktar\u0131 ayl\u0131k 11,402.32 TL olarak belirlenmi\u015ftir. Asgari \u00fccretin net miktar\u0131n\u0131n hesaplanmas\u0131nda \u00e7e\u015fitli kesintiler dikkate al\u0131n\u0131r. Bu kesintiler&#8230;<\/p>\n","protected":false},"author":2,"featured_media":664,"comment_status":"open","ping_status":"closed","sticky":false,"template":"","format":"standard","meta":{"footnotes":""},"categories":[59,94],"tags":[],"class_list":["post-662","post","type-post","status-publish","format-standard","has-post-thumbnail","hentry","category-ihale","category-one-cikanlar"],"yoast_head":"<!-- This site is optimized with the Yoast SEO plugin v27.0 - https:\/\/yoast.com\/product\/yoast-seo-wordpress\/ -->\n<title>2023 temmuz ay\u0131 asgari \u00fccret ayr\u0131nt\u0131lar\u0131 | Ta\u015f\u0131mal\u0131 E\u011fitim Blog<\/title>\n<meta name=\"robots\" content=\"index, follow, max-snippet:-1, max-image-preview:large, max-video-preview:-1\" \/>\n<link rel=\"canonical\" href=\"https:\/\/tasimaliegitim.com\/blog\/2023-temmuz-ayi-asgari-ucret-ayrintilari\/\" \/>\n<meta property=\"og:locale\" content=\"tr_TR\" \/>\n<meta property=\"og:type\" content=\"article\" \/>\n<meta property=\"og:title\" content=\"2023 temmuz ay\u0131 asgari \u00fccret ayr\u0131nt\u0131lar\u0131 | Ta\u015f\u0131mal\u0131 E\u011fitim Blog\" \/>\n<meta property=\"og:description\" content=\"Asgari \u00fccret, bir \u00fclkede yasal olarak \u00e7al\u0131\u015fanlar\u0131n en d\u00fc\u015f\u00fck d\u00fczeyde ald\u0131\u011f\u0131 \u00fccreti ifade eder. T\u00fcrkiye&#8217;de asgari \u00fccret, \u00c7al\u0131\u015fma Genel M\u00fcd\u00fcrl\u00fc\u011f\u00fc ve \u00c7al\u0131\u015fma \u0130statistikleri Daire Ba\u015fkanl\u0131\u011f\u0131 taraf\u0131ndan belirlenir. 01\/07\/2023 &#8211; 31\/12\/2023 d\u00f6nemi i\u00e7in yap\u0131lan hesaplamalara g\u00f6re, asgari \u00fccretin net miktar\u0131 ayl\u0131k 11,402.32 TL olarak belirlenmi\u015ftir. Asgari \u00fccretin net miktar\u0131n\u0131n hesaplanmas\u0131nda \u00e7e\u015fitli kesintiler dikkate al\u0131n\u0131r. Bu kesintiler...\" \/>\n<meta property=\"og:url\" content=\"https:\/\/tasimaliegitim.com\/blog\/2023-temmuz-ayi-asgari-ucret-ayrintilari\/\" \/>\n<meta property=\"og:site_name\" content=\"Ta\u015f\u0131mal\u0131 E\u011fitim Blog\" \/>\n<meta property=\"article:published_time\" content=\"2023-07-02T06:55:19+00:00\" \/>\n<meta property=\"article:modified_time\" content=\"2023-07-02T06:59:10+00:00\" \/>\n<meta property=\"og:image\" content=\"https:\/\/tasimaliegitim.com\/blog\/wp-content\/uploads\/2023\/07\/Yeni-Proje.jpg\" \/>\n\t<meta property=\"og:image:width\" content=\"1200\" \/>\n\t<meta property=\"og:image:height\" content=\"630\" \/>\n\t<meta property=\"og:image:type\" content=\"image\/jpeg\" \/>\n<meta name=\"author\" content=\"admin\" \/>\n<meta name=\"twitter:card\" content=\"summary_large_image\" \/>\n<meta name=\"twitter:label1\" content=\"Yazan:\" \/>\n\t<meta name=\"twitter:data1\" content=\"admin\" \/>\n\t<meta name=\"twitter:label2\" content=\"Tahmini okuma s\u00fcresi\" \/>\n\t<meta name=\"twitter:data2\" content=\"7 dakika\" \/>\n<script type=\"application\/ld+json\" class=\"yoast-schema-graph\">{\"@context\":\"https:\/\/schema.org\",\"@graph\":[{\"@type\":\"Article\",\"@id\":\"https:\/\/tasimaliegitim.com\/blog\/2023-temmuz-ayi-asgari-ucret-ayrintilari\/#article\",\"isPartOf\":{\"@id\":\"https:\/\/tasimaliegitim.com\/blog\/2023-temmuz-ayi-asgari-ucret-ayrintilari\/\"},\"author\":{\"name\":\"admin\",\"@id\":\"https:\/\/tasimaliegitim.com\/blog\/#\/schema\/person\/f0b2a53e96774623e2ea0973366f418e\"},\"headline\":\"2023 temmuz ay\u0131 asgari \u00fccret ayr\u0131nt\u0131lar\u0131\",\"datePublished\":\"2023-07-02T06:55:19+00:00\",\"dateModified\":\"2023-07-02T06:59:10+00:00\",\"mainEntityOfPage\":{\"@id\":\"https:\/\/tasimaliegitim.com\/blog\/2023-temmuz-ayi-asgari-ucret-ayrintilari\/\"},\"wordCount\":1428,\"commentCount\":0,\"publisher\":{\"@id\":\"https:\/\/tasimaliegitim.com\/blog\/#organization\"},\"image\":{\"@id\":\"https:\/\/tasimaliegitim.com\/blog\/2023-temmuz-ayi-asgari-ucret-ayrintilari\/#primaryimage\"},\"thumbnailUrl\":\"https:\/\/tasimaliegitim.com\/blog\/wp-content\/uploads\/2023\/07\/Yeni-Proje.jpg\",\"articleSection\":[\"\u0130hale Kararlar\u0131\",\"\u00d6ne C\u0131kanlar\"],\"inLanguage\":\"tr\",\"potentialAction\":[{\"@type\":\"CommentAction\",\"name\":\"Comment\",\"target\":[\"https:\/\/tasimaliegitim.com\/blog\/2023-temmuz-ayi-asgari-ucret-ayrintilari\/#respond\"]}]},{\"@type\":\"WebPage\",\"@id\":\"https:\/\/tasimaliegitim.com\/blog\/2023-temmuz-ayi-asgari-ucret-ayrintilari\/\",\"url\":\"https:\/\/tasimaliegitim.com\/blog\/2023-temmuz-ayi-asgari-ucret-ayrintilari\/\",\"name\":\"2023 temmuz ay\u0131 asgari \u00fccret ayr\u0131nt\u0131lar\u0131 | Ta\u015f\u0131mal\u0131 E\u011fitim Blog\",\"isPartOf\":{\"@id\":\"https:\/\/tasimaliegitim.com\/blog\/#website\"},\"primaryImageOfPage\":{\"@id\":\"https:\/\/tasimaliegitim.com\/blog\/2023-temmuz-ayi-asgari-ucret-ayrintilari\/#primaryimage\"},\"image\":{\"@id\":\"https:\/\/tasimaliegitim.com\/blog\/2023-temmuz-ayi-asgari-ucret-ayrintilari\/#primaryimage\"},\"thumbnailUrl\":\"https:\/\/tasimaliegitim.com\/blog\/wp-content\/uploads\/2023\/07\/Yeni-Proje.jpg\",\"datePublished\":\"2023-07-02T06:55:19+00:00\",\"dateModified\":\"2023-07-02T06:59:10+00:00\",\"breadcrumb\":{\"@id\":\"https:\/\/tasimaliegitim.com\/blog\/2023-temmuz-ayi-asgari-ucret-ayrintilari\/#breadcrumb\"},\"inLanguage\":\"tr\",\"potentialAction\":[{\"@type\":\"ReadAction\",\"target\":[\"https:\/\/tasimaliegitim.com\/blog\/2023-temmuz-ayi-asgari-ucret-ayrintilari\/\"]}]},{\"@type\":\"ImageObject\",\"inLanguage\":\"tr\",\"@id\":\"https:\/\/tasimaliegitim.com\/blog\/2023-temmuz-ayi-asgari-ucret-ayrintilari\/#primaryimage\",\"url\":\"https:\/\/tasimaliegitim.com\/blog\/wp-content\/uploads\/2023\/07\/Yeni-Proje.jpg\",\"contentUrl\":\"https:\/\/tasimaliegitim.com\/blog\/wp-content\/uploads\/2023\/07\/Yeni-Proje.jpg\",\"width\":1200,\"height\":630},{\"@type\":\"BreadcrumbList\",\"@id\":\"https:\/\/tasimaliegitim.com\/blog\/2023-temmuz-ayi-asgari-ucret-ayrintilari\/#breadcrumb\",\"itemListElement\":[{\"@type\":\"ListItem\",\"position\":1,\"name\":\"Home\",\"item\":\"https:\/\/tasimaliegitim.com\/blog\/\"},{\"@type\":\"ListItem\",\"position\":2,\"name\":\"2023 temmuz ay\u0131 asgari \u00fccret ayr\u0131nt\u0131lar\u0131\"}]},{\"@type\":\"WebSite\",\"@id\":\"https:\/\/tasimaliegitim.com\/blog\/#website\",\"url\":\"https:\/\/tasimaliegitim.com\/blog\/\",\"name\":\"Ta\u015f\u0131mal\u0131 E\u011fitim Blog\",\"description\":\"\",\"publisher\":{\"@id\":\"https:\/\/tasimaliegitim.com\/blog\/#organization\"},\"potentialAction\":[{\"@type\":\"SearchAction\",\"target\":{\"@type\":\"EntryPoint\",\"urlTemplate\":\"https:\/\/tasimaliegitim.com\/blog\/?s={search_term_string}\"},\"query-input\":{\"@type\":\"PropertyValueSpecification\",\"valueRequired\":true,\"valueName\":\"search_term_string\"}}],\"inLanguage\":\"tr\"},{\"@type\":\"Organization\",\"@id\":\"https:\/\/tasimaliegitim.com\/blog\/#organization\",\"name\":\"ta\u015f\u0131mal\u0131 e\u011fitim\",\"url\":\"https:\/\/tasimaliegitim.com\/blog\/\",\"logo\":{\"@type\":\"ImageObject\",\"inLanguage\":\"tr\",\"@id\":\"https:\/\/tasimaliegitim.com\/blog\/#\/schema\/logo\/image\/\",\"url\":\"https:\/\/tasimaliegitim.com\/blog\/wp-content\/uploads\/2019\/09\/logo-3.png\",\"contentUrl\":\"https:\/\/tasimaliegitim.com\/blog\/wp-content\/uploads\/2019\/09\/logo-3.png\",\"width\":216,\"height\":57,\"caption\":\"ta\u015f\u0131mal\u0131 e\u011fitim\"},\"image\":{\"@id\":\"https:\/\/tasimaliegitim.com\/blog\/#\/schema\/logo\/image\/\"}},{\"@type\":\"Person\",\"@id\":\"https:\/\/tasimaliegitim.com\/blog\/#\/schema\/person\/f0b2a53e96774623e2ea0973366f418e\",\"name\":\"admin\",\"image\":{\"@type\":\"ImageObject\",\"inLanguage\":\"tr\",\"@id\":\"https:\/\/tasimaliegitim.com\/blog\/#\/schema\/person\/image\/\",\"url\":\"https:\/\/secure.gravatar.com\/avatar\/b0136991bbc1f5b7411487ffe4ff0eb3e510b382cf7e429f5f00f3e801a85223?s=96&d=mm&r=g\",\"contentUrl\":\"https:\/\/secure.gravatar.com\/avatar\/b0136991bbc1f5b7411487ffe4ff0eb3e510b382cf7e429f5f00f3e801a85223?s=96&d=mm&r=g\",\"caption\":\"admin\"},\"url\":\"https:\/\/tasimaliegitim.com\/blog\/author\/admin\/\"}]}<\/script>\n<!-- \/ Yoast SEO plugin. -->","yoast_head_json":{"title":"2023 temmuz ay\u0131 asgari \u00fccret ayr\u0131nt\u0131lar\u0131 | Ta\u015f\u0131mal\u0131 E\u011fitim Blog","robots":{"index":"index","follow":"follow","max-snippet":"max-snippet:-1","max-image-preview":"max-image-preview:large","max-video-preview":"max-video-preview:-1"},"canonical":"https:\/\/tasimaliegitim.com\/blog\/2023-temmuz-ayi-asgari-ucret-ayrintilari\/","og_locale":"tr_TR","og_type":"article","og_title":"2023 temmuz ay\u0131 asgari \u00fccret ayr\u0131nt\u0131lar\u0131 | Ta\u015f\u0131mal\u0131 E\u011fitim Blog","og_description":"Asgari \u00fccret, bir \u00fclkede yasal olarak \u00e7al\u0131\u015fanlar\u0131n en d\u00fc\u015f\u00fck d\u00fczeyde ald\u0131\u011f\u0131 \u00fccreti ifade eder. T\u00fcrkiye&#8217;de asgari \u00fccret, \u00c7al\u0131\u015fma Genel M\u00fcd\u00fcrl\u00fc\u011f\u00fc ve \u00c7al\u0131\u015fma \u0130statistikleri Daire Ba\u015fkanl\u0131\u011f\u0131 taraf\u0131ndan belirlenir. 01\/07\/2023 &#8211; 31\/12\/2023 d\u00f6nemi i\u00e7in yap\u0131lan hesaplamalara g\u00f6re, asgari \u00fccretin net miktar\u0131 ayl\u0131k 11,402.32 TL olarak belirlenmi\u015ftir. Asgari \u00fccretin net miktar\u0131n\u0131n hesaplanmas\u0131nda \u00e7e\u015fitli kesintiler dikkate al\u0131n\u0131r. Bu kesintiler...","og_url":"https:\/\/tasimaliegitim.com\/blog\/2023-temmuz-ayi-asgari-ucret-ayrintilari\/","og_site_name":"Ta\u015f\u0131mal\u0131 E\u011fitim Blog","article_published_time":"2023-07-02T06:55:19+00:00","article_modified_time":"2023-07-02T06:59:10+00:00","og_image":[{"width":1200,"height":630,"url":"https:\/\/tasimaliegitim.com\/blog\/wp-content\/uploads\/2023\/07\/Yeni-Proje.jpg","type":"image\/jpeg"}],"author":"admin","twitter_card":"summary_large_image","twitter_misc":{"Yazan:":"admin","Tahmini okuma s\u00fcresi":"7 dakika"},"schema":{"@context":"https:\/\/schema.org","@graph":[{"@type":"Article","@id":"https:\/\/tasimaliegitim.com\/blog\/2023-temmuz-ayi-asgari-ucret-ayrintilari\/#article","isPartOf":{"@id":"https:\/\/tasimaliegitim.com\/blog\/2023-temmuz-ayi-asgari-ucret-ayrintilari\/"},"author":{"name":"admin","@id":"https:\/\/tasimaliegitim.com\/blog\/#\/schema\/person\/f0b2a53e96774623e2ea0973366f418e"},"headline":"2023 temmuz ay\u0131 asgari \u00fccret ayr\u0131nt\u0131lar\u0131","datePublished":"2023-07-02T06:55:19+00:00","dateModified":"2023-07-02T06:59:10+00:00","mainEntityOfPage":{"@id":"https:\/\/tasimaliegitim.com\/blog\/2023-temmuz-ayi-asgari-ucret-ayrintilari\/"},"wordCount":1428,"commentCount":0,"publisher":{"@id":"https:\/\/tasimaliegitim.com\/blog\/#organization"},"image":{"@id":"https:\/\/tasimaliegitim.com\/blog\/2023-temmuz-ayi-asgari-ucret-ayrintilari\/#primaryimage"},"thumbnailUrl":"https:\/\/tasimaliegitim.com\/blog\/wp-content\/uploads\/2023\/07\/Yeni-Proje.jpg","articleSection":["\u0130hale Kararlar\u0131","\u00d6ne C\u0131kanlar"],"inLanguage":"tr","potentialAction":[{"@type":"CommentAction","name":"Comment","target":["https:\/\/tasimaliegitim.com\/blog\/2023-temmuz-ayi-asgari-ucret-ayrintilari\/#respond"]}]},{"@type":"WebPage","@id":"https:\/\/tasimaliegitim.com\/blog\/2023-temmuz-ayi-asgari-ucret-ayrintilari\/","url":"https:\/\/tasimaliegitim.com\/blog\/2023-temmuz-ayi-asgari-ucret-ayrintilari\/","name":"2023 temmuz ay\u0131 asgari \u00fccret ayr\u0131nt\u0131lar\u0131 | Ta\u015f\u0131mal\u0131 E\u011fitim Blog","isPartOf":{"@id":"https:\/\/tasimaliegitim.com\/blog\/#website"},"primaryImageOfPage":{"@id":"https:\/\/tasimaliegitim.com\/blog\/2023-temmuz-ayi-asgari-ucret-ayrintilari\/#primaryimage"},"image":{"@id":"https:\/\/tasimaliegitim.com\/blog\/2023-temmuz-ayi-asgari-ucret-ayrintilari\/#primaryimage"},"thumbnailUrl":"https:\/\/tasimaliegitim.com\/blog\/wp-content\/uploads\/2023\/07\/Yeni-Proje.jpg","datePublished":"2023-07-02T06:55:19+00:00","dateModified":"2023-07-02T06:59:10+00:00","breadcrumb":{"@id":"https:\/\/tasimaliegitim.com\/blog\/2023-temmuz-ayi-asgari-ucret-ayrintilari\/#breadcrumb"},"inLanguage":"tr","potentialAction":[{"@type":"ReadAction","target":["https:\/\/tasimaliegitim.com\/blog\/2023-temmuz-ayi-asgari-ucret-ayrintilari\/"]}]},{"@type":"ImageObject","inLanguage":"tr","@id":"https:\/\/tasimaliegitim.com\/blog\/2023-temmuz-ayi-asgari-ucret-ayrintilari\/#primaryimage","url":"https:\/\/tasimaliegitim.com\/blog\/wp-content\/uploads\/2023\/07\/Yeni-Proje.jpg","contentUrl":"https:\/\/tasimaliegitim.com\/blog\/wp-content\/uploads\/2023\/07\/Yeni-Proje.jpg","width":1200,"height":630},{"@type":"BreadcrumbList","@id":"https:\/\/tasimaliegitim.com\/blog\/2023-temmuz-ayi-asgari-ucret-ayrintilari\/#breadcrumb","itemListElement":[{"@type":"ListItem","position":1,"name":"Home","item":"https:\/\/tasimaliegitim.com\/blog\/"},{"@type":"ListItem","position":2,"name":"2023 temmuz ay\u0131 asgari \u00fccret ayr\u0131nt\u0131lar\u0131"}]},{"@type":"WebSite","@id":"https:\/\/tasimaliegitim.com\/blog\/#website","url":"https:\/\/tasimaliegitim.com\/blog\/","name":"Ta\u015f\u0131mal\u0131 E\u011fitim Blog","description":"","publisher":{"@id":"https:\/\/tasimaliegitim.com\/blog\/#organization"},"potentialAction":[{"@type":"SearchAction","target":{"@type":"EntryPoint","urlTemplate":"https:\/\/tasimaliegitim.com\/blog\/?s={search_term_string}"},"query-input":{"@type":"PropertyValueSpecification","valueRequired":true,"valueName":"search_term_string"}}],"inLanguage":"tr"},{"@type":"Organization","@id":"https:\/\/tasimaliegitim.com\/blog\/#organization","name":"ta\u015f\u0131mal\u0131 e\u011fitim","url":"https:\/\/tasimaliegitim.com\/blog\/","logo":{"@type":"ImageObject","inLanguage":"tr","@id":"https:\/\/tasimaliegitim.com\/blog\/#\/schema\/logo\/image\/","url":"https:\/\/tasimaliegitim.com\/blog\/wp-content\/uploads\/2019\/09\/logo-3.png","contentUrl":"https:\/\/tasimaliegitim.com\/blog\/wp-content\/uploads\/2019\/09\/logo-3.png","width":216,"height":57,"caption":"ta\u015f\u0131mal\u0131 e\u011fitim"},"image":{"@id":"https:\/\/tasimaliegitim.com\/blog\/#\/schema\/logo\/image\/"}},{"@type":"Person","@id":"https:\/\/tasimaliegitim.com\/blog\/#\/schema\/person\/f0b2a53e96774623e2ea0973366f418e","name":"admin","image":{"@type":"ImageObject","inLanguage":"tr","@id":"https:\/\/tasimaliegitim.com\/blog\/#\/schema\/person\/image\/","url":"https:\/\/secure.gravatar.com\/avatar\/b0136991bbc1f5b7411487ffe4ff0eb3e510b382cf7e429f5f00f3e801a85223?s=96&d=mm&r=g","contentUrl":"https:\/\/secure.gravatar.com\/avatar\/b0136991bbc1f5b7411487ffe4ff0eb3e510b382cf7e429f5f00f3e801a85223?s=96&d=mm&r=g","caption":"admin"},"url":"https:\/\/tasimaliegitim.com\/blog\/author\/admin\/"}]}},"amp_enabled":true,"_links":{"self":[{"href":"https:\/\/tasimaliegitim.com\/blog\/wp-json\/wp\/v2\/posts\/662","targetHints":{"allow":["GET"]}}],"collection":[{"href":"https:\/\/tasimaliegitim.com\/blog\/wp-json\/wp\/v2\/posts"}],"about":[{"href":"https:\/\/tasimaliegitim.com\/blog\/wp-json\/wp\/v2\/types\/post"}],"author":[{"embeddable":true,"href":"https:\/\/tasimaliegitim.com\/blog\/wp-json\/wp\/v2\/users\/2"}],"replies":[{"embeddable":true,"href":"https:\/\/tasimaliegitim.com\/blog\/wp-json\/wp\/v2\/comments?post=662"}],"version-history":[{"count":2,"href":"https:\/\/tasimaliegitim.com\/blog\/wp-json\/wp\/v2\/posts\/662\/revisions"}],"predecessor-version":[{"id":665,"href":"https:\/\/tasimaliegitim.com\/blog\/wp-json\/wp\/v2\/posts\/662\/revisions\/665"}],"wp:featuredmedia":[{"embeddable":true,"href":"https:\/\/tasimaliegitim.com\/blog\/wp-json\/wp\/v2\/media\/664"}],"wp:attachment":[{"href":"https:\/\/tasimaliegitim.com\/blog\/wp-json\/wp\/v2\/media?parent=662"}],"wp:term":[{"taxonomy":"category","embeddable":true,"href":"https:\/\/tasimaliegitim.com\/blog\/wp-json\/wp\/v2\/categories?post=662"},{"taxonomy":"post_tag","embeddable":true,"href":"https:\/\/tasimaliegitim.com\/blog\/wp-json\/wp\/v2\/tags?post=662"}],"curies":[{"name":"wp","href":"https:\/\/api.w.org\/{rel}","templated":true}]}}