{"id":648,"date":"2023-03-28T07:18:26","date_gmt":"2023-03-28T07:18:26","guid":{"rendered":"https:\/\/tasimaliegitim.com\/blog\/?p=648"},"modified":"2023-03-28T07:27:03","modified_gmt":"2023-03-28T07:27:03","slug":"tasimali-egitim-fiyat-farkli-odemesi-yapilacak-mi","status":"publish","type":"post","link":"https:\/\/tasimaliegitim.com\/blog\/tasimali-egitim-fiyat-farkli-odemesi-yapilacak-mi\/","title":{"rendered":"Ta\u015f\u0131mal\u0131 e\u011fitim Fiyat farkl\u0131 \u00f6demesi yap\u0131lacak m\u0131?"},"content":{"rendered":"\n<p>Ta\u015f\u0131mal\u0131 e\u011fitim okul servisi y\u00fcklenicileri i\u00e7in ek fiyat fark\u0131 \u00f6demesi yap\u0131l\u0131p yap\u0131lmamas\u0131 hususunda Milli e\u011fitim Bakanl\u0131\u011f\u0131 2022 2023 y\u0131l\u0131 itibar\u0131yla yeni bir karar ald\u0131<\/p>\n\n\n\n<p>karara g\u00f6re Mazot gibi art\u0131\u015flardan y\u00fckleniciler etkilenmemesi i\u00e7in fiyatlara ayl\u0131k oranda eksi yada art\u0131 ek fiyatlar yans\u0131t\u0131lacakt\u0131r.<\/p>\n\n\n\n<p>\u00f6rne\u011fin yaz ay\u0131nda 250 tl olarak hesaplanan fiyat eyl\u00fcl ay\u0131nda 255 tl olduysa g\u00fcnl\u00fck 5 tl ek \u00f6deme hesaplanacakt\u0131r. buda ihale toplam tutar\u0131na yans\u0131t\u0131lacakt\u0131r. \u00f6demeleri ayl\u0131k bazda hesaplay\u0131p toplam \u00f6deme yap\u0131lacakt\u0131r.<\/p>\n\n\n\n<h2 class=\"wp-block-heading\">Fatura kesilecek mi?<\/h2>\n\n\n\n<p>Fatura kars\u0131l\u0131\u011f\u0131 \u00f6demeler yap\u0131lacak olup toplam bedele \u00f6deme eklenece\u011finden kesti\u011finiz fatura \u00fczerinden <strong>y\u00fczde 6<\/strong> ek kesin teminat al\u0131nacakt\u0131r.<\/p>\n\n\n\n<h2 class=\"wp-block-heading\">Fiyat farklar\u0131 kimlere \u00f6denecek?<\/h2>\n\n\n\n<p>S\u00f6zlemelerde a\u015fa\u011f\u0131da gecen madde \u00fczerinden bir s\u00f6zle\u015fme imzalayan firmalara \u00f6demeler yap\u0131lacakt\u0131r.<\/p>\n\n\n\n<p>alt y\u00fckleniciler ise ihaleyi alan firmalardan imzalad\u0131\u011f\u0131 s\u00f6zle\u015fme kars\u0131l\u0131\u011f\u0131 talepte bulunabilecektir. fakat fiyat fark hesaplanmas\u0131 y\u00f6n\u00fcnde s\u00f6zle\u015fme imzalanmam\u0131\u015fsa firmadan talepte bulunamayacakt\u0131r. firmalar\u0131n eksi yada art\u0131 durumda  alt y\u00fcklenicilere bunu yans\u0131tmas\u0131 tamamen anla\u015fma do\u011frultusunda yap\u0131labilecektir.  anla\u015fma yap\u0131lmam\u0131\u015f olsa dahi art\u0131 duruma gecen aylarda ihaleyi alan firmalar alt y\u00fcklenicilere yani i\u015fi as\u0131l yapanlara \u00f6deme yapmas\u0131 gerekti\u011fini etik olarak do\u011fru olaca\u011f\u0131 kanaatindeyiz.<\/p>\n\n\n\n<h2 class=\"wp-block-heading\">Eksi olan ay i\u00e7in nas\u0131l bir yol izlenecek?<\/h2>\n\n\n\n<p>Fiyat fark hesaplanmas\u0131nda eksiye d\u00fc\u015fen ay varsa ki bu ay hesaplan\u0131p hakedi\u015ften kesilecektir. ayn\u0131 zamanda alt y\u00fckleniciler fiyat fark\u0131 maddesi s\u00f6zle\u015fmelerinde bulunmuyorsa firmalar eksiye d\u00fc\u015fen aydan alt y\u00fckleniciden kesinti yapamayacakt\u0131r. anla\u015ft\u0131klar\u0131 fiyat \u00fczerinden \u00f6demelerini alacaklard\u0131r. fakat ortalama al\u0131narak art\u0131 ve eksi olan aylar\u0131n toplam\u0131 \u00fczerinden \u00f6demelerin alt y\u00fcklenicilerede \u00f6denmesi etik olacakt\u0131r.<\/p>\n\n\n\n<p>Art\u0131ya gecen firmalar i\u00e7in \u00f6demeler <strong>en k\u0131sa zamanda yap\u0131lacak olup<\/strong> detaylar\u0131 il\u00e7e Milli E\u011fitim M\u00fcd\u00fcrl\u00fcklerinden \u00f6\u011frenebilirsiniz. <\/p>\n\n\n\n<p>BU YAZIYI PAYLASARAK T\u00dcM CAM\u0130AMIZIN HABERDAR OLMASINI SA\u011eLAYAB\u0130L\u0130RS\u0130N\u0130Z.<\/p>\n\n\n\n<p>Ayr\u0131ca a\u015fa\u011f\u0131daki sayfam\u0131z\u0131 takipte kalarak t\u00fcm geli\u015fmelerden haberdar olabilirsiniz<\/p>\n\n\n<p><iframe loading=\"lazy\" style=\"border: none; overflow: hidden;\" src=\"https:\/\/www.facebook.com\/plugins\/page.php?href=https%3A%2F%2Fwww.facebook.com%2Ftasimaliegitim&amp;tabs=timeline&amp;width=340&amp;height=500&amp;small_header=false&amp;adapt_container_width=true&amp;hide_cover=false&amp;show_facepile=true&amp;appId=106114493564814\" width=\"340\" height=\"500\" frameborder=\"0\" scrolling=\"no\" allowfullscreen=\"allowfullscreen\"><\/iframe><\/p>\n\n\n<p><\/p>\n","protected":false},"excerpt":{"rendered":"<p>Ta\u015f\u0131mal\u0131 e\u011fitim okul servisi y\u00fcklenicileri i\u00e7in ek fiyat fark\u0131 \u00f6demesi yap\u0131l\u0131p yap\u0131lmamas\u0131 hususunda Milli e\u011fitim Bakanl\u0131\u011f\u0131 2022 2023 y\u0131l\u0131 itibar\u0131yla yeni bir karar ald\u0131 karara g\u00f6re Mazot gibi art\u0131\u015flardan y\u00fckleniciler etkilenmemesi i\u00e7in fiyatlara ayl\u0131k oranda eksi yada art\u0131 ek fiyatlar yans\u0131t\u0131lacakt\u0131r. \u00f6rne\u011fin yaz ay\u0131nda 250 tl olarak hesaplanan fiyat eyl\u00fcl ay\u0131nda 255 tl olduysa g\u00fcnl\u00fck&#8230;<\/p>\n","protected":false},"author":2,"featured_media":649,"comment_status":"open","ping_status":"closed","sticky":false,"template":"","format":"standard","meta":{"footnotes":""},"categories":[59,3],"tags":[],"class_list":["post-648","post","type-post","status-publish","format-standard","has-post-thumbnail","hentry","category-ihale","category-tasimali"],"yoast_head":"<!-- This site is optimized with the Yoast SEO plugin v27.0 - https:\/\/yoast.com\/product\/yoast-seo-wordpress\/ -->\n<title>Ta\u015f\u0131mal\u0131 e\u011fitim Fiyat farkl\u0131 \u00f6demesi yap\u0131lacak m\u0131? | Ta\u015f\u0131mal\u0131 E\u011fitim Blog<\/title>\n<meta name=\"robots\" content=\"index, follow, max-snippet:-1, max-image-preview:large, max-video-preview:-1\" \/>\n<link rel=\"canonical\" href=\"https:\/\/tasimaliegitim.com\/blog\/tasimali-egitim-fiyat-farkli-odemesi-yapilacak-mi\/\" \/>\n<meta property=\"og:locale\" content=\"tr_TR\" \/>\n<meta property=\"og:type\" content=\"article\" \/>\n<meta property=\"og:title\" content=\"Ta\u015f\u0131mal\u0131 e\u011fitim Fiyat farkl\u0131 \u00f6demesi yap\u0131lacak m\u0131? | Ta\u015f\u0131mal\u0131 E\u011fitim Blog\" \/>\n<meta property=\"og:description\" content=\"Ta\u015f\u0131mal\u0131 e\u011fitim okul servisi y\u00fcklenicileri i\u00e7in ek fiyat fark\u0131 \u00f6demesi yap\u0131l\u0131p yap\u0131lmamas\u0131 hususunda Milli e\u011fitim Bakanl\u0131\u011f\u0131 2022 2023 y\u0131l\u0131 itibar\u0131yla yeni bir karar ald\u0131 karara g\u00f6re Mazot gibi art\u0131\u015flardan y\u00fckleniciler etkilenmemesi i\u00e7in fiyatlara ayl\u0131k oranda eksi yada art\u0131 ek fiyatlar yans\u0131t\u0131lacakt\u0131r. \u00f6rne\u011fin yaz ay\u0131nda 250 tl olarak hesaplanan fiyat eyl\u00fcl ay\u0131nda 255 tl olduysa g\u00fcnl\u00fck...\" \/>\n<meta property=\"og:url\" content=\"https:\/\/tasimaliegitim.com\/blog\/tasimali-egitim-fiyat-farkli-odemesi-yapilacak-mi\/\" \/>\n<meta property=\"og:site_name\" content=\"Ta\u015f\u0131mal\u0131 E\u011fitim Blog\" \/>\n<meta property=\"article:published_time\" content=\"2023-03-28T07:18:26+00:00\" \/>\n<meta property=\"article:modified_time\" content=\"2023-03-28T07:27:03+00:00\" \/>\n<meta property=\"og:image\" content=\"https:\/\/tasimaliegitim.com\/blog\/wp-content\/uploads\/2023\/03\/2023-03-28_095628.jpg\" \/>\n\t<meta property=\"og:image:width\" content=\"726\" \/>\n\t<meta property=\"og:image:height\" content=\"510\" \/>\n\t<meta property=\"og:image:type\" content=\"image\/jpeg\" \/>\n<meta name=\"author\" content=\"admin\" \/>\n<meta name=\"twitter:card\" content=\"summary_large_image\" \/>\n<meta name=\"twitter:label1\" content=\"Yazan:\" \/>\n\t<meta name=\"twitter:data1\" content=\"admin\" \/>\n\t<meta name=\"twitter:label2\" content=\"Tahmini okuma s\u00fcresi\" \/>\n\t<meta name=\"twitter:data2\" content=\"2 dakika\" \/>\n<script type=\"application\/ld+json\" class=\"yoast-schema-graph\">{\"@context\":\"https:\/\/schema.org\",\"@graph\":[{\"@type\":\"Article\",\"@id\":\"https:\/\/tasimaliegitim.com\/blog\/tasimali-egitim-fiyat-farkli-odemesi-yapilacak-mi\/#article\",\"isPartOf\":{\"@id\":\"https:\/\/tasimaliegitim.com\/blog\/tasimali-egitim-fiyat-farkli-odemesi-yapilacak-mi\/\"},\"author\":{\"name\":\"admin\",\"@id\":\"https:\/\/tasimaliegitim.com\/blog\/#\/schema\/person\/f0b2a53e96774623e2ea0973366f418e\"},\"headline\":\"Ta\u015f\u0131mal\u0131 e\u011fitim Fiyat farkl\u0131 \u00f6demesi yap\u0131lacak m\u0131?\",\"datePublished\":\"2023-03-28T07:18:26+00:00\",\"dateModified\":\"2023-03-28T07:27:03+00:00\",\"mainEntityOfPage\":{\"@id\":\"https:\/\/tasimaliegitim.com\/blog\/tasimali-egitim-fiyat-farkli-odemesi-yapilacak-mi\/\"},\"wordCount\":374,\"commentCount\":0,\"publisher\":{\"@id\":\"https:\/\/tasimaliegitim.com\/blog\/#organization\"},\"image\":{\"@id\":\"https:\/\/tasimaliegitim.com\/blog\/tasimali-egitim-fiyat-farkli-odemesi-yapilacak-mi\/#primaryimage\"},\"thumbnailUrl\":\"https:\/\/tasimaliegitim.com\/blog\/wp-content\/uploads\/2023\/03\/2023-03-28_095628.jpg\",\"articleSection\":[\"\u0130hale Kararlar\u0131\",\"Okul Servisleri\"],\"inLanguage\":\"tr\",\"potentialAction\":[{\"@type\":\"CommentAction\",\"name\":\"Comment\",\"target\":[\"https:\/\/tasimaliegitim.com\/blog\/tasimali-egitim-fiyat-farkli-odemesi-yapilacak-mi\/#respond\"]}]},{\"@type\":\"WebPage\",\"@id\":\"https:\/\/tasimaliegitim.com\/blog\/tasimali-egitim-fiyat-farkli-odemesi-yapilacak-mi\/\",\"url\":\"https:\/\/tasimaliegitim.com\/blog\/tasimali-egitim-fiyat-farkli-odemesi-yapilacak-mi\/\",\"name\":\"Ta\u015f\u0131mal\u0131 e\u011fitim Fiyat farkl\u0131 \u00f6demesi yap\u0131lacak m\u0131? | Ta\u015f\u0131mal\u0131 E\u011fitim Blog\",\"isPartOf\":{\"@id\":\"https:\/\/tasimaliegitim.com\/blog\/#website\"},\"primaryImageOfPage\":{\"@id\":\"https:\/\/tasimaliegitim.com\/blog\/tasimali-egitim-fiyat-farkli-odemesi-yapilacak-mi\/#primaryimage\"},\"image\":{\"@id\":\"https:\/\/tasimaliegitim.com\/blog\/tasimali-egitim-fiyat-farkli-odemesi-yapilacak-mi\/#primaryimage\"},\"thumbnailUrl\":\"https:\/\/tasimaliegitim.com\/blog\/wp-content\/uploads\/2023\/03\/2023-03-28_095628.jpg\",\"datePublished\":\"2023-03-28T07:18:26+00:00\",\"dateModified\":\"2023-03-28T07:27:03+00:00\",\"breadcrumb\":{\"@id\":\"https:\/\/tasimaliegitim.com\/blog\/tasimali-egitim-fiyat-farkli-odemesi-yapilacak-mi\/#breadcrumb\"},\"inLanguage\":\"tr\",\"potentialAction\":[{\"@type\":\"ReadAction\",\"target\":[\"https:\/\/tasimaliegitim.com\/blog\/tasimali-egitim-fiyat-farkli-odemesi-yapilacak-mi\/\"]}]},{\"@type\":\"ImageObject\",\"inLanguage\":\"tr\",\"@id\":\"https:\/\/tasimaliegitim.com\/blog\/tasimali-egitim-fiyat-farkli-odemesi-yapilacak-mi\/#primaryimage\",\"url\":\"https:\/\/tasimaliegitim.com\/blog\/wp-content\/uploads\/2023\/03\/2023-03-28_095628.jpg\",\"contentUrl\":\"https:\/\/tasimaliegitim.com\/blog\/wp-content\/uploads\/2023\/03\/2023-03-28_095628.jpg\",\"width\":726,\"height\":510},{\"@type\":\"BreadcrumbList\",\"@id\":\"https:\/\/tasimaliegitim.com\/blog\/tasimali-egitim-fiyat-farkli-odemesi-yapilacak-mi\/#breadcrumb\",\"itemListElement\":[{\"@type\":\"ListItem\",\"position\":1,\"name\":\"Home\",\"item\":\"https:\/\/tasimaliegitim.com\/blog\/\"},{\"@type\":\"ListItem\",\"position\":2,\"name\":\"Ta\u015f\u0131mal\u0131 e\u011fitim Fiyat farkl\u0131 \u00f6demesi yap\u0131lacak m\u0131?\"}]},{\"@type\":\"WebSite\",\"@id\":\"https:\/\/tasimaliegitim.com\/blog\/#website\",\"url\":\"https:\/\/tasimaliegitim.com\/blog\/\",\"name\":\"Ta\u015f\u0131mal\u0131 E\u011fitim Blog\",\"description\":\"\",\"publisher\":{\"@id\":\"https:\/\/tasimaliegitim.com\/blog\/#organization\"},\"potentialAction\":[{\"@type\":\"SearchAction\",\"target\":{\"@type\":\"EntryPoint\",\"urlTemplate\":\"https:\/\/tasimaliegitim.com\/blog\/?s={search_term_string}\"},\"query-input\":{\"@type\":\"PropertyValueSpecification\",\"valueRequired\":true,\"valueName\":\"search_term_string\"}}],\"inLanguage\":\"tr\"},{\"@type\":\"Organization\",\"@id\":\"https:\/\/tasimaliegitim.com\/blog\/#organization\",\"name\":\"ta\u015f\u0131mal\u0131 e\u011fitim\",\"url\":\"https:\/\/tasimaliegitim.com\/blog\/\",\"logo\":{\"@type\":\"ImageObject\",\"inLanguage\":\"tr\",\"@id\":\"https:\/\/tasimaliegitim.com\/blog\/#\/schema\/logo\/image\/\",\"url\":\"https:\/\/tasimaliegitim.com\/blog\/wp-content\/uploads\/2019\/09\/logo-3.png\",\"contentUrl\":\"https:\/\/tasimaliegitim.com\/blog\/wp-content\/uploads\/2019\/09\/logo-3.png\",\"width\":216,\"height\":57,\"caption\":\"ta\u015f\u0131mal\u0131 e\u011fitim\"},\"image\":{\"@id\":\"https:\/\/tasimaliegitim.com\/blog\/#\/schema\/logo\/image\/\"}},{\"@type\":\"Person\",\"@id\":\"https:\/\/tasimaliegitim.com\/blog\/#\/schema\/person\/f0b2a53e96774623e2ea0973366f418e\",\"name\":\"admin\",\"image\":{\"@type\":\"ImageObject\",\"inLanguage\":\"tr\",\"@id\":\"https:\/\/tasimaliegitim.com\/blog\/#\/schema\/person\/image\/\",\"url\":\"https:\/\/secure.gravatar.com\/avatar\/b0136991bbc1f5b7411487ffe4ff0eb3e510b382cf7e429f5f00f3e801a85223?s=96&d=mm&r=g\",\"contentUrl\":\"https:\/\/secure.gravatar.com\/avatar\/b0136991bbc1f5b7411487ffe4ff0eb3e510b382cf7e429f5f00f3e801a85223?s=96&d=mm&r=g\",\"caption\":\"admin\"},\"url\":\"https:\/\/tasimaliegitim.com\/blog\/author\/admin\/\"}]}<\/script>\n<!-- \/ Yoast SEO plugin. -->","yoast_head_json":{"title":"Ta\u015f\u0131mal\u0131 e\u011fitim Fiyat farkl\u0131 \u00f6demesi yap\u0131lacak m\u0131? | Ta\u015f\u0131mal\u0131 E\u011fitim Blog","robots":{"index":"index","follow":"follow","max-snippet":"max-snippet:-1","max-image-preview":"max-image-preview:large","max-video-preview":"max-video-preview:-1"},"canonical":"https:\/\/tasimaliegitim.com\/blog\/tasimali-egitim-fiyat-farkli-odemesi-yapilacak-mi\/","og_locale":"tr_TR","og_type":"article","og_title":"Ta\u015f\u0131mal\u0131 e\u011fitim Fiyat farkl\u0131 \u00f6demesi yap\u0131lacak m\u0131? | Ta\u015f\u0131mal\u0131 E\u011fitim Blog","og_description":"Ta\u015f\u0131mal\u0131 e\u011fitim okul servisi y\u00fcklenicileri i\u00e7in ek fiyat fark\u0131 \u00f6demesi yap\u0131l\u0131p yap\u0131lmamas\u0131 hususunda Milli e\u011fitim Bakanl\u0131\u011f\u0131 2022 2023 y\u0131l\u0131 itibar\u0131yla yeni bir karar ald\u0131 karara g\u00f6re Mazot gibi art\u0131\u015flardan y\u00fckleniciler etkilenmemesi i\u00e7in fiyatlara ayl\u0131k oranda eksi yada art\u0131 ek fiyatlar yans\u0131t\u0131lacakt\u0131r. \u00f6rne\u011fin yaz ay\u0131nda 250 tl olarak hesaplanan fiyat eyl\u00fcl ay\u0131nda 255 tl olduysa g\u00fcnl\u00fck...","og_url":"https:\/\/tasimaliegitim.com\/blog\/tasimali-egitim-fiyat-farkli-odemesi-yapilacak-mi\/","og_site_name":"Ta\u015f\u0131mal\u0131 E\u011fitim Blog","article_published_time":"2023-03-28T07:18:26+00:00","article_modified_time":"2023-03-28T07:27:03+00:00","og_image":[{"width":726,"height":510,"url":"https:\/\/tasimaliegitim.com\/blog\/wp-content\/uploads\/2023\/03\/2023-03-28_095628.jpg","type":"image\/jpeg"}],"author":"admin","twitter_card":"summary_large_image","twitter_misc":{"Yazan:":"admin","Tahmini okuma s\u00fcresi":"2 dakika"},"schema":{"@context":"https:\/\/schema.org","@graph":[{"@type":"Article","@id":"https:\/\/tasimaliegitim.com\/blog\/tasimali-egitim-fiyat-farkli-odemesi-yapilacak-mi\/#article","isPartOf":{"@id":"https:\/\/tasimaliegitim.com\/blog\/tasimali-egitim-fiyat-farkli-odemesi-yapilacak-mi\/"},"author":{"name":"admin","@id":"https:\/\/tasimaliegitim.com\/blog\/#\/schema\/person\/f0b2a53e96774623e2ea0973366f418e"},"headline":"Ta\u015f\u0131mal\u0131 e\u011fitim Fiyat farkl\u0131 \u00f6demesi yap\u0131lacak m\u0131?","datePublished":"2023-03-28T07:18:26+00:00","dateModified":"2023-03-28T07:27:03+00:00","mainEntityOfPage":{"@id":"https:\/\/tasimaliegitim.com\/blog\/tasimali-egitim-fiyat-farkli-odemesi-yapilacak-mi\/"},"wordCount":374,"commentCount":0,"publisher":{"@id":"https:\/\/tasimaliegitim.com\/blog\/#organization"},"image":{"@id":"https:\/\/tasimaliegitim.com\/blog\/tasimali-egitim-fiyat-farkli-odemesi-yapilacak-mi\/#primaryimage"},"thumbnailUrl":"https:\/\/tasimaliegitim.com\/blog\/wp-content\/uploads\/2023\/03\/2023-03-28_095628.jpg","articleSection":["\u0130hale Kararlar\u0131","Okul Servisleri"],"inLanguage":"tr","potentialAction":[{"@type":"CommentAction","name":"Comment","target":["https:\/\/tasimaliegitim.com\/blog\/tasimali-egitim-fiyat-farkli-odemesi-yapilacak-mi\/#respond"]}]},{"@type":"WebPage","@id":"https:\/\/tasimaliegitim.com\/blog\/tasimali-egitim-fiyat-farkli-odemesi-yapilacak-mi\/","url":"https:\/\/tasimaliegitim.com\/blog\/tasimali-egitim-fiyat-farkli-odemesi-yapilacak-mi\/","name":"Ta\u015f\u0131mal\u0131 e\u011fitim Fiyat farkl\u0131 \u00f6demesi yap\u0131lacak m\u0131? | Ta\u015f\u0131mal\u0131 E\u011fitim Blog","isPartOf":{"@id":"https:\/\/tasimaliegitim.com\/blog\/#website"},"primaryImageOfPage":{"@id":"https:\/\/tasimaliegitim.com\/blog\/tasimali-egitim-fiyat-farkli-odemesi-yapilacak-mi\/#primaryimage"},"image":{"@id":"https:\/\/tasimaliegitim.com\/blog\/tasimali-egitim-fiyat-farkli-odemesi-yapilacak-mi\/#primaryimage"},"thumbnailUrl":"https:\/\/tasimaliegitim.com\/blog\/wp-content\/uploads\/2023\/03\/2023-03-28_095628.jpg","datePublished":"2023-03-28T07:18:26+00:00","dateModified":"2023-03-28T07:27:03+00:00","breadcrumb":{"@id":"https:\/\/tasimaliegitim.com\/blog\/tasimali-egitim-fiyat-farkli-odemesi-yapilacak-mi\/#breadcrumb"},"inLanguage":"tr","potentialAction":[{"@type":"ReadAction","target":["https:\/\/tasimaliegitim.com\/blog\/tasimali-egitim-fiyat-farkli-odemesi-yapilacak-mi\/"]}]},{"@type":"ImageObject","inLanguage":"tr","@id":"https:\/\/tasimaliegitim.com\/blog\/tasimali-egitim-fiyat-farkli-odemesi-yapilacak-mi\/#primaryimage","url":"https:\/\/tasimaliegitim.com\/blog\/wp-content\/uploads\/2023\/03\/2023-03-28_095628.jpg","contentUrl":"https:\/\/tasimaliegitim.com\/blog\/wp-content\/uploads\/2023\/03\/2023-03-28_095628.jpg","width":726,"height":510},{"@type":"BreadcrumbList","@id":"https:\/\/tasimaliegitim.com\/blog\/tasimali-egitim-fiyat-farkli-odemesi-yapilacak-mi\/#breadcrumb","itemListElement":[{"@type":"ListItem","position":1,"name":"Home","item":"https:\/\/tasimaliegitim.com\/blog\/"},{"@type":"ListItem","position":2,"name":"Ta\u015f\u0131mal\u0131 e\u011fitim Fiyat farkl\u0131 \u00f6demesi yap\u0131lacak m\u0131?"}]},{"@type":"WebSite","@id":"https:\/\/tasimaliegitim.com\/blog\/#website","url":"https:\/\/tasimaliegitim.com\/blog\/","name":"Ta\u015f\u0131mal\u0131 E\u011fitim Blog","description":"","publisher":{"@id":"https:\/\/tasimaliegitim.com\/blog\/#organization"},"potentialAction":[{"@type":"SearchAction","target":{"@type":"EntryPoint","urlTemplate":"https:\/\/tasimaliegitim.com\/blog\/?s={search_term_string}"},"query-input":{"@type":"PropertyValueSpecification","valueRequired":true,"valueName":"search_term_string"}}],"inLanguage":"tr"},{"@type":"Organization","@id":"https:\/\/tasimaliegitim.com\/blog\/#organization","name":"ta\u015f\u0131mal\u0131 e\u011fitim","url":"https:\/\/tasimaliegitim.com\/blog\/","logo":{"@type":"ImageObject","inLanguage":"tr","@id":"https:\/\/tasimaliegitim.com\/blog\/#\/schema\/logo\/image\/","url":"https:\/\/tasimaliegitim.com\/blog\/wp-content\/uploads\/2019\/09\/logo-3.png","contentUrl":"https:\/\/tasimaliegitim.com\/blog\/wp-content\/uploads\/2019\/09\/logo-3.png","width":216,"height":57,"caption":"ta\u015f\u0131mal\u0131 e\u011fitim"},"image":{"@id":"https:\/\/tasimaliegitim.com\/blog\/#\/schema\/logo\/image\/"}},{"@type":"Person","@id":"https:\/\/tasimaliegitim.com\/blog\/#\/schema\/person\/f0b2a53e96774623e2ea0973366f418e","name":"admin","image":{"@type":"ImageObject","inLanguage":"tr","@id":"https:\/\/tasimaliegitim.com\/blog\/#\/schema\/person\/image\/","url":"https:\/\/secure.gravatar.com\/avatar\/b0136991bbc1f5b7411487ffe4ff0eb3e510b382cf7e429f5f00f3e801a85223?s=96&d=mm&r=g","contentUrl":"https:\/\/secure.gravatar.com\/avatar\/b0136991bbc1f5b7411487ffe4ff0eb3e510b382cf7e429f5f00f3e801a85223?s=96&d=mm&r=g","caption":"admin"},"url":"https:\/\/tasimaliegitim.com\/blog\/author\/admin\/"}]}},"amp_enabled":true,"_links":{"self":[{"href":"https:\/\/tasimaliegitim.com\/blog\/wp-json\/wp\/v2\/posts\/648","targetHints":{"allow":["GET"]}}],"collection":[{"href":"https:\/\/tasimaliegitim.com\/blog\/wp-json\/wp\/v2\/posts"}],"about":[{"href":"https:\/\/tasimaliegitim.com\/blog\/wp-json\/wp\/v2\/types\/post"}],"author":[{"embeddable":true,"href":"https:\/\/tasimaliegitim.com\/blog\/wp-json\/wp\/v2\/users\/2"}],"replies":[{"embeddable":true,"href":"https:\/\/tasimaliegitim.com\/blog\/wp-json\/wp\/v2\/comments?post=648"}],"version-history":[{"count":5,"href":"https:\/\/tasimaliegitim.com\/blog\/wp-json\/wp\/v2\/posts\/648\/revisions"}],"predecessor-version":[{"id":656,"href":"https:\/\/tasimaliegitim.com\/blog\/wp-json\/wp\/v2\/posts\/648\/revisions\/656"}],"wp:featuredmedia":[{"embeddable":true,"href":"https:\/\/tasimaliegitim.com\/blog\/wp-json\/wp\/v2\/media\/649"}],"wp:attachment":[{"href":"https:\/\/tasimaliegitim.com\/blog\/wp-json\/wp\/v2\/media?parent=648"}],"wp:term":[{"taxonomy":"category","embeddable":true,"href":"https:\/\/tasimaliegitim.com\/blog\/wp-json\/wp\/v2\/categories?post=648"},{"taxonomy":"post_tag","embeddable":true,"href":"https:\/\/tasimaliegitim.com\/blog\/wp-json\/wp\/v2\/tags?post=648"}],"curies":[{"name":"wp","href":"https:\/\/api.w.org\/{rel}","templated":true}]}}