{"id":607,"date":"2022-08-05T05:42:15","date_gmt":"2022-08-05T05:42:15","guid":{"rendered":"https:\/\/tasimaliegitim.com\/blog\/?p=607"},"modified":"2022-08-05T10:33:53","modified_gmt":"2022-08-05T10:33:53","slug":"servis-araclarinda-aranan-kontul-sensoru-kamera-kaydi-beyaz-cam-sarti-kaldirildi","status":"publish","type":"post","link":"https:\/\/tasimaliegitim.com\/blog\/servis-araclarinda-aranan-kontul-sensoru-kamera-kaydi-beyaz-cam-sarti-kaldirildi\/","title":{"rendered":"Servis araclar\u0131nda aranan Koltuk sens\u00f6r\u00fc Kamera kayd\u0131 beyaz cam sart\u0131 kald\u0131r\u0131ld\u0131."},"content":{"rendered":"\n<p>25 Ekim 2017 Resmi gazetede yay\u0131nlanan ve uygulanmas\u0131 ertelenen 4 maddenin a\u015fa\u011f\u0131daki sayd\u0131\u011f\u0131m\u0131z maddeleri uyar\u0131nca Koltuk sens\u00f6r\u00fc Arac kamera kayd\u0131 ve beyaz cam sartlar\u0131 kald\u0131r\u0131ld\u0131. bugun (5 a\u011fustos 2022 ) yay\u0131nlanan resmi gazetede Okul servis araclar\u0131 y\u00f6netmeli\u011finin 4. maddesinin i-l-m-o maddeleri modellere g\u00f6re y\u0131l bazl\u0131 kald\u0131r\u0131ld\u0131.<\/p>\n\n\n\n<p>Kald\u0131r\u0131lan maddeler sunlard\u0131r.<\/p>\n\n\n\n<p>\u0131) Okul servis ara\u00e7lar\u0131nda ara\u00e7 takip sistemi bulundurulacakt\u0131r. Kay\u0131tlar en az otuz g\u00fcn muhafaza edilecektir.<\/p>\n\n\n\n<p>l) Okul servis ara\u00e7lar\u0131nda Ula\u015ft\u0131rma, Denizcilik ve Haberle\u015fme Bakanl\u0131\u011f\u0131nca standartlar\u0131 belirlenen her koltukta oturmaya duyarl\u0131 sens\u00f6rl\u00fc sistemler bulundurulacakt\u0131r.<\/p>\n\n\n\n<p>m) Okul servis ara\u00e7lar\u0131nda t\u00fcm koltuklar\u0131 g\u00f6recek \u015fekilde Ara\u00e7lar\u0131n \u0130mal, Tadil ve Montaj\u0131 Hakk\u0131nda Y\u00f6netmelik ekinde belirtilen standartlara uygun, i\u00e7 ve d\u0131\u015f kamera ile en az otuz g\u00fcn s\u00fcreli kay\u0131t yapabilen kay\u0131t cihaz\u0131 bulundurulacakt\u0131r.<\/p>\n\n\n\n<p>o) Okul servis ara\u00e7lar\u0131nda i\u00e7 mek\u00e2n\u0131 g\u00f6steren beyaz cam d\u0131\u015f\u0131nda cam kullan\u0131lamaz.<\/p>\n\n\n\n<figure class=\"wp-block-table is-style-stripes\"><table><tbody><tr><td>5 A\u011fustos 2022 CUMA<\/td><td><strong>Resm\u00ee Gazete<\/strong><\/td><td>Say\u0131 : 31914<\/td><\/tr><tr><td><strong>Y\u00d6NETMEL\u0130K<\/strong><\/td><\/tr><tr><td>\u0130\u00e7i\u015fleri Bakanl\u0131\u011f\u0131ndan:OKUL SERV\u0130S ARA\u00c7LARI Y\u00d6NETMEL\u0130\u011e\u0130NDE DE\u011e\u0130\u015e\u0130KL\u0130KYAPILMASINA DA\u0130R Y\u00d6NETMEL\u0130K<br><strong>MADDE 1-<\/strong>&nbsp;25\/10\/2017 tarihli ve 30221 say\u0131l\u0131 Resm\u00ee Gazete&#8217;de yay\u0131mlanan Okul Servis Ara\u00e7lar\u0131 Y\u00f6netmeli\u011finin ge\u00e7ici 2&nbsp;nci&nbsp;maddesinin birinci f\u0131kras\u0131 a\u015fa\u011f\u0131daki&nbsp;\u015fekilde&nbsp;&nbsp;de\u011fi\u015ftirilmi\u015ftir.\u201c(1) Bu Y\u00f6netmeli\u011fin 4 \u00fcnc\u00fc maddesinin birinci f\u0131kras\u0131n\u0131n (i), (l), (m) ve (o) bentleri kapsam\u0131ndaki \u015fartlar;<br>a) 2017 model okul servis ara\u00e7lar\u0131 i\u00e7in&nbsp;1\/7\/2024,&nbsp;<br>b) 2016 model okul servis ara\u00e7lar\u0131 i\u00e7in&nbsp;1\/7\/2025,<br>c) 2015 ve \u00f6ncesi model okul servis ara\u00e7lar\u0131 i\u00e7in&nbsp;1\/7\/2026,tarihinden&nbsp;sonraki ilk periyodik muayenesine kadar aranmaz.\u201d<br><strong>MADDE 2-&nbsp;<\/strong>Bu Y\u00f6netmelik yay\u0131m\u0131 tarihinde y\u00fcr\u00fcrl\u00fc\u011fe girer.<br><strong>MADDE 3-&nbsp;<\/strong>Bu Y\u00f6netmelik h\u00fck\u00fcmlerini \u0130\u00e7i\u015fleri, Aile ve Sosyal Hizmetler, Mill\u00ee E\u011fitim ile Ula\u015ft\u0131rma ve Altyap\u0131 Bakanlar\u0131 birlikte y\u00fcr\u00fct\u00fcr.<\/td><\/tr><\/tbody><\/table><\/figure>\n","protected":false},"excerpt":{"rendered":"<p>25 Ekim 2017 Resmi gazetede yay\u0131nlanan ve uygulanmas\u0131 ertelenen 4 maddenin a\u015fa\u011f\u0131daki sayd\u0131\u011f\u0131m\u0131z maddeleri uyar\u0131nca Koltuk sens\u00f6r\u00fc Arac kamera kayd\u0131 ve beyaz cam sartlar\u0131 kald\u0131r\u0131ld\u0131. bugun (5 a\u011fustos 2022 ) yay\u0131nlanan resmi gazetede Okul servis araclar\u0131 y\u00f6netmeli\u011finin 4. maddesinin i-l-m-o maddeleri modellere g\u00f6re y\u0131l bazl\u0131 kald\u0131r\u0131ld\u0131. Kald\u0131r\u0131lan maddeler sunlard\u0131r. \u0131) Okul servis ara\u00e7lar\u0131nda ara\u00e7 takip&#8230;<\/p>\n","protected":false},"author":2,"featured_media":608,"comment_status":"open","ping_status":"closed","sticky":false,"template":"","format":"standard","meta":{"footnotes":""},"categories":[3],"tags":[112,113,115,111,114],"class_list":["post-607","post","type-post","status-publish","format-standard","has-post-thumbnail","hentry","category-tasimali","tag-arac-ici-kamera-sarti","tag-cam-filmi-sarti","tag-koltuk-sensoru-resmi-gazete","tag-koltuk-sensoru-sarti","tag-okul-servisleri-koltuk-sensoru"],"yoast_head":"<!-- This site is optimized with the Yoast SEO plugin v27.0 - https:\/\/yoast.com\/product\/yoast-seo-wordpress\/ -->\n<title>Servis araclar\u0131nda aranan Koltuk sens\u00f6r\u00fc Kamera kayd\u0131 beyaz cam sart\u0131 kald\u0131r\u0131ld\u0131. | Ta\u015f\u0131mal\u0131 E\u011fitim Blog<\/title>\n<meta name=\"robots\" content=\"index, follow, max-snippet:-1, max-image-preview:large, max-video-preview:-1\" \/>\n<link rel=\"canonical\" href=\"https:\/\/tasimaliegitim.com\/blog\/servis-araclarinda-aranan-kontul-sensoru-kamera-kaydi-beyaz-cam-sarti-kaldirildi\/\" \/>\n<meta property=\"og:locale\" content=\"tr_TR\" \/>\n<meta property=\"og:type\" content=\"article\" \/>\n<meta property=\"og:title\" content=\"Servis araclar\u0131nda aranan Koltuk sens\u00f6r\u00fc Kamera kayd\u0131 beyaz cam sart\u0131 kald\u0131r\u0131ld\u0131. | Ta\u015f\u0131mal\u0131 E\u011fitim Blog\" \/>\n<meta property=\"og:description\" content=\"25 Ekim 2017 Resmi gazetede yay\u0131nlanan ve uygulanmas\u0131 ertelenen 4 maddenin a\u015fa\u011f\u0131daki sayd\u0131\u011f\u0131m\u0131z maddeleri uyar\u0131nca Koltuk sens\u00f6r\u00fc Arac kamera kayd\u0131 ve beyaz cam sartlar\u0131 kald\u0131r\u0131ld\u0131. bugun (5 a\u011fustos 2022 ) yay\u0131nlanan resmi gazetede Okul servis araclar\u0131 y\u00f6netmeli\u011finin 4. maddesinin i-l-m-o maddeleri modellere g\u00f6re y\u0131l bazl\u0131 kald\u0131r\u0131ld\u0131. Kald\u0131r\u0131lan maddeler sunlard\u0131r. \u0131) Okul servis ara\u00e7lar\u0131nda ara\u00e7 takip...\" \/>\n<meta property=\"og:url\" content=\"https:\/\/tasimaliegitim.com\/blog\/servis-araclarinda-aranan-kontul-sensoru-kamera-kaydi-beyaz-cam-sarti-kaldirildi\/\" \/>\n<meta property=\"og:site_name\" content=\"Ta\u015f\u0131mal\u0131 E\u011fitim Blog\" \/>\n<meta property=\"article:published_time\" content=\"2022-08-05T05:42:15+00:00\" \/>\n<meta property=\"article:modified_time\" content=\"2022-08-05T10:33:53+00:00\" \/>\n<meta property=\"og:image\" content=\"https:\/\/tasimaliegitim.com\/blog\/wp-content\/uploads\/2022\/08\/resmi-gazete-PNMC_cover.jpg\" \/>\n\t<meta property=\"og:image:width\" content=\"1206\" \/>\n\t<meta property=\"og:image:height\" content=\"720\" \/>\n\t<meta property=\"og:image:type\" content=\"image\/jpeg\" \/>\n<meta name=\"author\" content=\"admin\" \/>\n<meta name=\"twitter:card\" content=\"summary_large_image\" \/>\n<meta name=\"twitter:label1\" content=\"Yazan:\" \/>\n\t<meta name=\"twitter:data1\" content=\"admin\" \/>\n\t<meta name=\"twitter:label2\" content=\"Tahmini okuma s\u00fcresi\" \/>\n\t<meta name=\"twitter:data2\" content=\"2 dakika\" \/>\n<script type=\"application\/ld+json\" class=\"yoast-schema-graph\">{\"@context\":\"https:\/\/schema.org\",\"@graph\":[{\"@type\":\"Article\",\"@id\":\"https:\/\/tasimaliegitim.com\/blog\/servis-araclarinda-aranan-kontul-sensoru-kamera-kaydi-beyaz-cam-sarti-kaldirildi\/#article\",\"isPartOf\":{\"@id\":\"https:\/\/tasimaliegitim.com\/blog\/servis-araclarinda-aranan-kontul-sensoru-kamera-kaydi-beyaz-cam-sarti-kaldirildi\/\"},\"author\":{\"name\":\"admin\",\"@id\":\"https:\/\/tasimaliegitim.com\/blog\/#\/schema\/person\/f0b2a53e96774623e2ea0973366f418e\"},\"headline\":\"Servis araclar\u0131nda aranan Koltuk sens\u00f6r\u00fc Kamera kayd\u0131 beyaz cam sart\u0131 kald\u0131r\u0131ld\u0131.\",\"datePublished\":\"2022-08-05T05:42:15+00:00\",\"dateModified\":\"2022-08-05T10:33:53+00:00\",\"mainEntityOfPage\":{\"@id\":\"https:\/\/tasimaliegitim.com\/blog\/servis-araclarinda-aranan-kontul-sensoru-kamera-kaydi-beyaz-cam-sarti-kaldirildi\/\"},\"wordCount\":356,\"commentCount\":1,\"publisher\":{\"@id\":\"https:\/\/tasimaliegitim.com\/blog\/#organization\"},\"image\":{\"@id\":\"https:\/\/tasimaliegitim.com\/blog\/servis-araclarinda-aranan-kontul-sensoru-kamera-kaydi-beyaz-cam-sarti-kaldirildi\/#primaryimage\"},\"thumbnailUrl\":\"https:\/\/tasimaliegitim.com\/blog\/wp-content\/uploads\/2022\/08\/resmi-gazete-PNMC_cover.jpg\",\"keywords\":[\"ara\u00e7 i\u00e7i kamera \u015fart\u0131\",\"cam filmi \u015fart\u0131\",\"koltuk sens\u00f6r\u00fc resmi gazete\",\"koltuk sens\u00f6r\u00fc \u015fart\u0131\",\"okul servisleri koltuk sens\u00f6r\u00fc\"],\"articleSection\":[\"Okul Servisleri\"],\"inLanguage\":\"tr\",\"potentialAction\":[{\"@type\":\"CommentAction\",\"name\":\"Comment\",\"target\":[\"https:\/\/tasimaliegitim.com\/blog\/servis-araclarinda-aranan-kontul-sensoru-kamera-kaydi-beyaz-cam-sarti-kaldirildi\/#respond\"]}]},{\"@type\":\"WebPage\",\"@id\":\"https:\/\/tasimaliegitim.com\/blog\/servis-araclarinda-aranan-kontul-sensoru-kamera-kaydi-beyaz-cam-sarti-kaldirildi\/\",\"url\":\"https:\/\/tasimaliegitim.com\/blog\/servis-araclarinda-aranan-kontul-sensoru-kamera-kaydi-beyaz-cam-sarti-kaldirildi\/\",\"name\":\"Servis araclar\u0131nda aranan Koltuk sens\u00f6r\u00fc Kamera kayd\u0131 beyaz cam sart\u0131 kald\u0131r\u0131ld\u0131. | Ta\u015f\u0131mal\u0131 E\u011fitim Blog\",\"isPartOf\":{\"@id\":\"https:\/\/tasimaliegitim.com\/blog\/#website\"},\"primaryImageOfPage\":{\"@id\":\"https:\/\/tasimaliegitim.com\/blog\/servis-araclarinda-aranan-kontul-sensoru-kamera-kaydi-beyaz-cam-sarti-kaldirildi\/#primaryimage\"},\"image\":{\"@id\":\"https:\/\/tasimaliegitim.com\/blog\/servis-araclarinda-aranan-kontul-sensoru-kamera-kaydi-beyaz-cam-sarti-kaldirildi\/#primaryimage\"},\"thumbnailUrl\":\"https:\/\/tasimaliegitim.com\/blog\/wp-content\/uploads\/2022\/08\/resmi-gazete-PNMC_cover.jpg\",\"datePublished\":\"2022-08-05T05:42:15+00:00\",\"dateModified\":\"2022-08-05T10:33:53+00:00\",\"breadcrumb\":{\"@id\":\"https:\/\/tasimaliegitim.com\/blog\/servis-araclarinda-aranan-kontul-sensoru-kamera-kaydi-beyaz-cam-sarti-kaldirildi\/#breadcrumb\"},\"inLanguage\":\"tr\",\"potentialAction\":[{\"@type\":\"ReadAction\",\"target\":[\"https:\/\/tasimaliegitim.com\/blog\/servis-araclarinda-aranan-kontul-sensoru-kamera-kaydi-beyaz-cam-sarti-kaldirildi\/\"]}]},{\"@type\":\"ImageObject\",\"inLanguage\":\"tr\",\"@id\":\"https:\/\/tasimaliegitim.com\/blog\/servis-araclarinda-aranan-kontul-sensoru-kamera-kaydi-beyaz-cam-sarti-kaldirildi\/#primaryimage\",\"url\":\"https:\/\/tasimaliegitim.com\/blog\/wp-content\/uploads\/2022\/08\/resmi-gazete-PNMC_cover.jpg\",\"contentUrl\":\"https:\/\/tasimaliegitim.com\/blog\/wp-content\/uploads\/2022\/08\/resmi-gazete-PNMC_cover.jpg\",\"width\":1206,\"height\":720},{\"@type\":\"BreadcrumbList\",\"@id\":\"https:\/\/tasimaliegitim.com\/blog\/servis-araclarinda-aranan-kontul-sensoru-kamera-kaydi-beyaz-cam-sarti-kaldirildi\/#breadcrumb\",\"itemListElement\":[{\"@type\":\"ListItem\",\"position\":1,\"name\":\"Home\",\"item\":\"https:\/\/tasimaliegitim.com\/blog\/\"},{\"@type\":\"ListItem\",\"position\":2,\"name\":\"Servis araclar\u0131nda aranan Koltuk sens\u00f6r\u00fc Kamera kayd\u0131 beyaz cam sart\u0131 kald\u0131r\u0131ld\u0131.\"}]},{\"@type\":\"WebSite\",\"@id\":\"https:\/\/tasimaliegitim.com\/blog\/#website\",\"url\":\"https:\/\/tasimaliegitim.com\/blog\/\",\"name\":\"Ta\u015f\u0131mal\u0131 E\u011fitim Blog\",\"description\":\"\",\"publisher\":{\"@id\":\"https:\/\/tasimaliegitim.com\/blog\/#organization\"},\"potentialAction\":[{\"@type\":\"SearchAction\",\"target\":{\"@type\":\"EntryPoint\",\"urlTemplate\":\"https:\/\/tasimaliegitim.com\/blog\/?s={search_term_string}\"},\"query-input\":{\"@type\":\"PropertyValueSpecification\",\"valueRequired\":true,\"valueName\":\"search_term_string\"}}],\"inLanguage\":\"tr\"},{\"@type\":\"Organization\",\"@id\":\"https:\/\/tasimaliegitim.com\/blog\/#organization\",\"name\":\"ta\u015f\u0131mal\u0131 e\u011fitim\",\"url\":\"https:\/\/tasimaliegitim.com\/blog\/\",\"logo\":{\"@type\":\"ImageObject\",\"inLanguage\":\"tr\",\"@id\":\"https:\/\/tasimaliegitim.com\/blog\/#\/schema\/logo\/image\/\",\"url\":\"https:\/\/tasimaliegitim.com\/blog\/wp-content\/uploads\/2019\/09\/logo-3.png\",\"contentUrl\":\"https:\/\/tasimaliegitim.com\/blog\/wp-content\/uploads\/2019\/09\/logo-3.png\",\"width\":216,\"height\":57,\"caption\":\"ta\u015f\u0131mal\u0131 e\u011fitim\"},\"image\":{\"@id\":\"https:\/\/tasimaliegitim.com\/blog\/#\/schema\/logo\/image\/\"}},{\"@type\":\"Person\",\"@id\":\"https:\/\/tasimaliegitim.com\/blog\/#\/schema\/person\/f0b2a53e96774623e2ea0973366f418e\",\"name\":\"admin\",\"image\":{\"@type\":\"ImageObject\",\"inLanguage\":\"tr\",\"@id\":\"https:\/\/tasimaliegitim.com\/blog\/#\/schema\/person\/image\/\",\"url\":\"https:\/\/secure.gravatar.com\/avatar\/b0136991bbc1f5b7411487ffe4ff0eb3e510b382cf7e429f5f00f3e801a85223?s=96&d=mm&r=g\",\"contentUrl\":\"https:\/\/secure.gravatar.com\/avatar\/b0136991bbc1f5b7411487ffe4ff0eb3e510b382cf7e429f5f00f3e801a85223?s=96&d=mm&r=g\",\"caption\":\"admin\"},\"url\":\"https:\/\/tasimaliegitim.com\/blog\/author\/admin\/\"}]}<\/script>\n<!-- \/ Yoast SEO plugin. -->","yoast_head_json":{"title":"Servis araclar\u0131nda aranan Koltuk sens\u00f6r\u00fc Kamera kayd\u0131 beyaz cam sart\u0131 kald\u0131r\u0131ld\u0131. | Ta\u015f\u0131mal\u0131 E\u011fitim Blog","robots":{"index":"index","follow":"follow","max-snippet":"max-snippet:-1","max-image-preview":"max-image-preview:large","max-video-preview":"max-video-preview:-1"},"canonical":"https:\/\/tasimaliegitim.com\/blog\/servis-araclarinda-aranan-kontul-sensoru-kamera-kaydi-beyaz-cam-sarti-kaldirildi\/","og_locale":"tr_TR","og_type":"article","og_title":"Servis araclar\u0131nda aranan Koltuk sens\u00f6r\u00fc Kamera kayd\u0131 beyaz cam sart\u0131 kald\u0131r\u0131ld\u0131. | Ta\u015f\u0131mal\u0131 E\u011fitim Blog","og_description":"25 Ekim 2017 Resmi gazetede yay\u0131nlanan ve uygulanmas\u0131 ertelenen 4 maddenin a\u015fa\u011f\u0131daki sayd\u0131\u011f\u0131m\u0131z maddeleri uyar\u0131nca Koltuk sens\u00f6r\u00fc Arac kamera kayd\u0131 ve beyaz cam sartlar\u0131 kald\u0131r\u0131ld\u0131. bugun (5 a\u011fustos 2022 ) yay\u0131nlanan resmi gazetede Okul servis araclar\u0131 y\u00f6netmeli\u011finin 4. maddesinin i-l-m-o maddeleri modellere g\u00f6re y\u0131l bazl\u0131 kald\u0131r\u0131ld\u0131. Kald\u0131r\u0131lan maddeler sunlard\u0131r. \u0131) Okul servis ara\u00e7lar\u0131nda ara\u00e7 takip...","og_url":"https:\/\/tasimaliegitim.com\/blog\/servis-araclarinda-aranan-kontul-sensoru-kamera-kaydi-beyaz-cam-sarti-kaldirildi\/","og_site_name":"Ta\u015f\u0131mal\u0131 E\u011fitim Blog","article_published_time":"2022-08-05T05:42:15+00:00","article_modified_time":"2022-08-05T10:33:53+00:00","og_image":[{"width":1206,"height":720,"url":"https:\/\/tasimaliegitim.com\/blog\/wp-content\/uploads\/2022\/08\/resmi-gazete-PNMC_cover.jpg","type":"image\/jpeg"}],"author":"admin","twitter_card":"summary_large_image","twitter_misc":{"Yazan:":"admin","Tahmini okuma s\u00fcresi":"2 dakika"},"schema":{"@context":"https:\/\/schema.org","@graph":[{"@type":"Article","@id":"https:\/\/tasimaliegitim.com\/blog\/servis-araclarinda-aranan-kontul-sensoru-kamera-kaydi-beyaz-cam-sarti-kaldirildi\/#article","isPartOf":{"@id":"https:\/\/tasimaliegitim.com\/blog\/servis-araclarinda-aranan-kontul-sensoru-kamera-kaydi-beyaz-cam-sarti-kaldirildi\/"},"author":{"name":"admin","@id":"https:\/\/tasimaliegitim.com\/blog\/#\/schema\/person\/f0b2a53e96774623e2ea0973366f418e"},"headline":"Servis araclar\u0131nda aranan Koltuk sens\u00f6r\u00fc Kamera kayd\u0131 beyaz cam sart\u0131 kald\u0131r\u0131ld\u0131.","datePublished":"2022-08-05T05:42:15+00:00","dateModified":"2022-08-05T10:33:53+00:00","mainEntityOfPage":{"@id":"https:\/\/tasimaliegitim.com\/blog\/servis-araclarinda-aranan-kontul-sensoru-kamera-kaydi-beyaz-cam-sarti-kaldirildi\/"},"wordCount":356,"commentCount":1,"publisher":{"@id":"https:\/\/tasimaliegitim.com\/blog\/#organization"},"image":{"@id":"https:\/\/tasimaliegitim.com\/blog\/servis-araclarinda-aranan-kontul-sensoru-kamera-kaydi-beyaz-cam-sarti-kaldirildi\/#primaryimage"},"thumbnailUrl":"https:\/\/tasimaliegitim.com\/blog\/wp-content\/uploads\/2022\/08\/resmi-gazete-PNMC_cover.jpg","keywords":["ara\u00e7 i\u00e7i kamera \u015fart\u0131","cam filmi \u015fart\u0131","koltuk sens\u00f6r\u00fc resmi gazete","koltuk sens\u00f6r\u00fc \u015fart\u0131","okul servisleri koltuk sens\u00f6r\u00fc"],"articleSection":["Okul Servisleri"],"inLanguage":"tr","potentialAction":[{"@type":"CommentAction","name":"Comment","target":["https:\/\/tasimaliegitim.com\/blog\/servis-araclarinda-aranan-kontul-sensoru-kamera-kaydi-beyaz-cam-sarti-kaldirildi\/#respond"]}]},{"@type":"WebPage","@id":"https:\/\/tasimaliegitim.com\/blog\/servis-araclarinda-aranan-kontul-sensoru-kamera-kaydi-beyaz-cam-sarti-kaldirildi\/","url":"https:\/\/tasimaliegitim.com\/blog\/servis-araclarinda-aranan-kontul-sensoru-kamera-kaydi-beyaz-cam-sarti-kaldirildi\/","name":"Servis araclar\u0131nda aranan Koltuk sens\u00f6r\u00fc Kamera kayd\u0131 beyaz cam sart\u0131 kald\u0131r\u0131ld\u0131. | Ta\u015f\u0131mal\u0131 E\u011fitim Blog","isPartOf":{"@id":"https:\/\/tasimaliegitim.com\/blog\/#website"},"primaryImageOfPage":{"@id":"https:\/\/tasimaliegitim.com\/blog\/servis-araclarinda-aranan-kontul-sensoru-kamera-kaydi-beyaz-cam-sarti-kaldirildi\/#primaryimage"},"image":{"@id":"https:\/\/tasimaliegitim.com\/blog\/servis-araclarinda-aranan-kontul-sensoru-kamera-kaydi-beyaz-cam-sarti-kaldirildi\/#primaryimage"},"thumbnailUrl":"https:\/\/tasimaliegitim.com\/blog\/wp-content\/uploads\/2022\/08\/resmi-gazete-PNMC_cover.jpg","datePublished":"2022-08-05T05:42:15+00:00","dateModified":"2022-08-05T10:33:53+00:00","breadcrumb":{"@id":"https:\/\/tasimaliegitim.com\/blog\/servis-araclarinda-aranan-kontul-sensoru-kamera-kaydi-beyaz-cam-sarti-kaldirildi\/#breadcrumb"},"inLanguage":"tr","potentialAction":[{"@type":"ReadAction","target":["https:\/\/tasimaliegitim.com\/blog\/servis-araclarinda-aranan-kontul-sensoru-kamera-kaydi-beyaz-cam-sarti-kaldirildi\/"]}]},{"@type":"ImageObject","inLanguage":"tr","@id":"https:\/\/tasimaliegitim.com\/blog\/servis-araclarinda-aranan-kontul-sensoru-kamera-kaydi-beyaz-cam-sarti-kaldirildi\/#primaryimage","url":"https:\/\/tasimaliegitim.com\/blog\/wp-content\/uploads\/2022\/08\/resmi-gazete-PNMC_cover.jpg","contentUrl":"https:\/\/tasimaliegitim.com\/blog\/wp-content\/uploads\/2022\/08\/resmi-gazete-PNMC_cover.jpg","width":1206,"height":720},{"@type":"BreadcrumbList","@id":"https:\/\/tasimaliegitim.com\/blog\/servis-araclarinda-aranan-kontul-sensoru-kamera-kaydi-beyaz-cam-sarti-kaldirildi\/#breadcrumb","itemListElement":[{"@type":"ListItem","position":1,"name":"Home","item":"https:\/\/tasimaliegitim.com\/blog\/"},{"@type":"ListItem","position":2,"name":"Servis araclar\u0131nda aranan Koltuk sens\u00f6r\u00fc Kamera kayd\u0131 beyaz cam sart\u0131 kald\u0131r\u0131ld\u0131."}]},{"@type":"WebSite","@id":"https:\/\/tasimaliegitim.com\/blog\/#website","url":"https:\/\/tasimaliegitim.com\/blog\/","name":"Ta\u015f\u0131mal\u0131 E\u011fitim Blog","description":"","publisher":{"@id":"https:\/\/tasimaliegitim.com\/blog\/#organization"},"potentialAction":[{"@type":"SearchAction","target":{"@type":"EntryPoint","urlTemplate":"https:\/\/tasimaliegitim.com\/blog\/?s={search_term_string}"},"query-input":{"@type":"PropertyValueSpecification","valueRequired":true,"valueName":"search_term_string"}}],"inLanguage":"tr"},{"@type":"Organization","@id":"https:\/\/tasimaliegitim.com\/blog\/#organization","name":"ta\u015f\u0131mal\u0131 e\u011fitim","url":"https:\/\/tasimaliegitim.com\/blog\/","logo":{"@type":"ImageObject","inLanguage":"tr","@id":"https:\/\/tasimaliegitim.com\/blog\/#\/schema\/logo\/image\/","url":"https:\/\/tasimaliegitim.com\/blog\/wp-content\/uploads\/2019\/09\/logo-3.png","contentUrl":"https:\/\/tasimaliegitim.com\/blog\/wp-content\/uploads\/2019\/09\/logo-3.png","width":216,"height":57,"caption":"ta\u015f\u0131mal\u0131 e\u011fitim"},"image":{"@id":"https:\/\/tasimaliegitim.com\/blog\/#\/schema\/logo\/image\/"}},{"@type":"Person","@id":"https:\/\/tasimaliegitim.com\/blog\/#\/schema\/person\/f0b2a53e96774623e2ea0973366f418e","name":"admin","image":{"@type":"ImageObject","inLanguage":"tr","@id":"https:\/\/tasimaliegitim.com\/blog\/#\/schema\/person\/image\/","url":"https:\/\/secure.gravatar.com\/avatar\/b0136991bbc1f5b7411487ffe4ff0eb3e510b382cf7e429f5f00f3e801a85223?s=96&d=mm&r=g","contentUrl":"https:\/\/secure.gravatar.com\/avatar\/b0136991bbc1f5b7411487ffe4ff0eb3e510b382cf7e429f5f00f3e801a85223?s=96&d=mm&r=g","caption":"admin"},"url":"https:\/\/tasimaliegitim.com\/blog\/author\/admin\/"}]}},"amp_enabled":true,"_links":{"self":[{"href":"https:\/\/tasimaliegitim.com\/blog\/wp-json\/wp\/v2\/posts\/607","targetHints":{"allow":["GET"]}}],"collection":[{"href":"https:\/\/tasimaliegitim.com\/blog\/wp-json\/wp\/v2\/posts"}],"about":[{"href":"https:\/\/tasimaliegitim.com\/blog\/wp-json\/wp\/v2\/types\/post"}],"author":[{"embeddable":true,"href":"https:\/\/tasimaliegitim.com\/blog\/wp-json\/wp\/v2\/users\/2"}],"replies":[{"embeddable":true,"href":"https:\/\/tasimaliegitim.com\/blog\/wp-json\/wp\/v2\/comments?post=607"}],"version-history":[{"count":3,"href":"https:\/\/tasimaliegitim.com\/blog\/wp-json\/wp\/v2\/posts\/607\/revisions"}],"predecessor-version":[{"id":611,"href":"https:\/\/tasimaliegitim.com\/blog\/wp-json\/wp\/v2\/posts\/607\/revisions\/611"}],"wp:featuredmedia":[{"embeddable":true,"href":"https:\/\/tasimaliegitim.com\/blog\/wp-json\/wp\/v2\/media\/608"}],"wp:attachment":[{"href":"https:\/\/tasimaliegitim.com\/blog\/wp-json\/wp\/v2\/media?parent=607"}],"wp:term":[{"taxonomy":"category","embeddable":true,"href":"https:\/\/tasimaliegitim.com\/blog\/wp-json\/wp\/v2\/categories?post=607"},{"taxonomy":"post_tag","embeddable":true,"href":"https:\/\/tasimaliegitim.com\/blog\/wp-json\/wp\/v2\/tags?post=607"}],"curies":[{"name":"wp","href":"https:\/\/api.w.org\/{rel}","templated":true}]}}