{"id":527,"date":"2021-11-04T10:43:20","date_gmt":"2021-11-04T10:43:20","guid":{"rendered":"https:\/\/tasimaliegitim.com\/blog\/?p=527"},"modified":"2021-11-04T10:43:22","modified_gmt":"2021-11-04T10:43:22","slug":"asiri-dusuk-teklif-aciklamasi-kik-karari","status":"publish","type":"post","link":"https:\/\/tasimaliegitim.com\/blog\/asiri-dusuk-teklif-aciklamasi-kik-karari\/","title":{"rendered":"A\u015f\u0131r\u0131 d\u00fc\u015f\u00fck teklif a\u00e7\u0131klamas\u0131 KiK karar\u0131"},"content":{"rendered":"\n<p>A\u015f\u0131r\u0131 d\u00fc\u015f\u00fck teklif ac\u0131klamas\u0131 istenen ve sonras\u0131nda verilen mahkeme karar\u0131<\/p>\n\n\n\n<p>BA\u015eVURU SAH\u0130B\u0130:<\/p>\n\n\n\n<p>B\u00f6lkar Tar. ve Hay. G\u0131d. Ta\u015f. \u0130n\u015f. Oto. San. ve Tic. Ltd. \u015eti. &#8211; Kubilay Ta\u015f. \u0130n\u015f. Tem. G\u0131da Hay. Tic. San. Ltd. \u015eti. &nbsp;\u0130\u015f Ortakl\u0131\u011f\u0131,<\/p>\n\n\n\n<p>\u0130HALEY\u0130 YAPAN \u0130DARE:<\/p>\n\n\n\n<p><a>Elbistan \u0130l\u00e7e Milli E\u011fitim M\u00fcd\u00fcrl\u00fc\u011f\u00fc<\/a>,<\/p>\n\n\n\n<p>BA\u015eVURUYA KONU \u0130HALE:<\/p>\n\n\n\n<p><a>2021\/418519<\/a>&nbsp;\u0130hale Kay\u0131t Numaral\u0131 \u201c<a>2021-2022 E\u011fitim \u00d6\u011fretim Y\u0131l\u0131 Orta\u00f6\u011fretim ve \u0130mam Hatip Ortaokulu &nbsp;\u00d6\u011frencilerinin Ta\u015f\u0131ma \u0130\u015fi<\/a>\u201d \u0130halesi<\/p>\n\n\n\n<p>KURUM TARAFINDAN YAPILAN \u0130NCELEME:<\/p>\n\n\n\n<p><a>Elbistan \u0130l\u00e7e Milli E\u011fitim M\u00fcd\u00fcrl\u00fc\u011f\u00fc<\/a>&nbsp;taraf\u0131ndan&nbsp;<a>27.08.2021<\/a>&nbsp;tarihinde&nbsp;<a>a\u00e7\u0131k ihale usul\u00fc<\/a>&nbsp;ile ger\u00e7ekle\u015ftirilen \u201c<a>2021-2022 E\u011fitim \u00d6\u011fretim Y\u0131l\u0131 Orta\u00f6\u011fretim ve \u0130mam Hatip Ortaokulu &nbsp;\u00d6\u011frencilerinin Ta\u015f\u0131ma \u0130\u015fi<\/a>\u201d ihalesine ili\u015fkin olarak&nbsp;<a>B\u00f6lkar Tar. ve Hay. G\u0131d. Ta\u015f. \u0130n\u015f. Oto. San. ve Tic. Ltd. \u015eti. &#8211; Kubilay Ta\u015f. \u0130n\u015f. Tem. G\u0131da Hay. Tic. San. Ltd. \u015eti. &nbsp;\u0130\u015f Ortakl\u0131\u011f\u0131n\u0131n 09.09.2021<\/a>&nbsp;tarihinde yapt\u0131\u011f\u0131 \u015fik\u00e2yet ba\u015fvurusunun, idarenin&nbsp;<a>13.09.2021<\/a>&nbsp;tarihli yaz\u0131s\u0131 ile reddi \u00fczerine, ba\u015fvuru sahibince&nbsp;<a>17.09.2021<\/a>&nbsp;tarih ve&nbsp;<a>42941<\/a>&nbsp;say\u0131 ile Kurum kay\u0131tlar\u0131na al\u0131nan&nbsp;<a>14.09.2021<\/a>&nbsp;tarihli dilek\u00e7e ile itirazen \u015fik\u00e2yet ba\u015fvurusunda bulunulmu\u015ftur.<\/p>\n\n\n\n<p>Ba\u015fvuruya ili\u015fkin olarak&nbsp;<a>2021\/1544<\/a>&nbsp;say\u0131l\u0131 itirazen \u015fik\u00e2yet dosyas\u0131 kapsam\u0131nda yap\u0131lan inceleme neticesinde esas inceleme raporu tanzim edilmi\u015ftir.<\/p>\n\n\n\n<p>KARAR:<\/p>\n\n\n\n<p>Esas inceleme raporu ve ekleri incelendi.<\/p>\n\n\n\n<p>\u0130tirazen \u015fik\u00e2yet dilek\u00e7esinde \u00f6zetle, ihalenin 1\u2019inci ve 3\u00fcnc\u00fc k\u0131sm\u0131nda ekonomik a\u00e7\u0131dan en avantajl\u0131 teklif sahibi istekli taraf\u0131ndan sunulan a\u015f\u0131r\u0131 d\u00fc\u015f\u00fck teklif a\u00e7\u0131klamas\u0131n\u0131n uygun olmad\u0131\u011f\u0131 \u015f\u00f6yle ki;<\/p>\n\n\n\n<p>&nbsp;a) A\u015f\u0131r\u0131 d\u00fc\u015f\u00fck teklif a\u00e7\u0131klamas\u0131 kapsam\u0131nda kiralama teklifi al\u0131nan ara\u00e7lar\u0131n koltuk ta\u015f\u0131ma kapasitelerinin idarece belirlenenden d\u00fc\u015f\u00fck oldu\u011fu ayr\u0131ca ilgili ara\u00e7lar\u0131n model y\u0131l\u0131n\u0131n idarece belirlenen model y\u0131l\u0131yla ayn\u0131 olmad\u0131\u011f\u0131,<\/p>\n\n\n\n<p>&#8211; Fiyat teklifi al\u0131nan ara\u00e7larla bu ara\u00e7lara ili\u015fkin maliyetleri tevsik eden belgelerdeki ara\u00e7lar\u0131n birbiriyle uyumlu olmad\u0131\u011f\u0131,<\/p>\n\n\n\n<p>&#8211; Fiyat teklifinde yer alan kiralama s\u00fcresiyle i\u015fin s\u00fcresinin uyumlu olmad\u0131\u011f\u0131, tek bir ara\u00e7 \u00fczerinden al\u0131nan fiyat teklifinin i\u015fin tamam\u0131na y\u00f6nelik maliyeti tevsik edemeyece\u011fi,<\/p>\n\n\n\n<p>b) \u0130\u015fin ger\u00e7ekle\u015ftirilece\u011fi ara\u00e7larla fiyat teklifinde yer alan bak\u0131m-onar\u0131m\u0131 yap\u0131lacak ara\u00e7lar\u0131n farkl\u0131 oldu\u011fu bu do\u011frultuda bak\u0131m-onar\u0131m maliyetlerinin tevsik edilmedi\u011fi, periyodik bak\u0131m-onar\u0131m aral\u0131\u011f\u0131n\u0131 tevsik eden bir belgenin sunulmad\u0131\u011f\u0131, bak\u0131m-onar\u0131m maliyetlerinin idarece belirlenen ara\u00e7 say\u0131s\u0131ndan daha d\u00fc\u015f\u00fck ara\u00e7 say\u0131s\u0131yla a\u00e7\u0131kland\u0131\u011f\u0131,<\/p>\n\n\n\n<p>c) Ara\u00e7lara ili\u015fkin lastik maliyetlerinin idarece belirlenen ebatlarda olmayan lastiklerle a\u00e7\u0131kland\u0131\u011f\u0131, ara\u00e7 lastik say\u0131s\u0131n\u0131n olmas\u0131 gerekenden d\u00fc\u015f\u00fck belirlenerek a\u00e7\u0131klama yap\u0131ld\u0131\u011f\u0131, lastiklere ili\u015fkin fiyat teklifinde yer alan bedelle ta\u015f\u0131ma mesafesinin oranlanarak a\u00e7\u0131klama yap\u0131lmas\u0131n\u0131n mevzuata ayk\u0131r\u0131 oldu\u011fu,<\/p>\n\n\n\n<p>d) Ara\u00e7lara ili\u015fkin ak\u00fc maliyetlerinin eksik ara\u00e7 say\u0131s\u0131yla a\u00e7\u0131kland\u0131\u011f\u0131,<\/p>\n\n\n\n<p>e) Ara\u00e7lara ili\u015fkin al\u0131nan sigorta teklifinde genel m\u00fcd\u00fcrl\u00fck ve b\u00f6lge m\u00fcd\u00fcrl\u00fc\u011f\u00fc teyidinin bulunmad\u0131\u011f\u0131, i\u015fin ger\u00e7ekle\u015ftirilece\u011fi ara\u00e7larla sigorta teklifi al\u0131nan ara\u00e7lar\u0131n farkl\u0131 oldu\u011fu,<\/p>\n\n\n\n<p>f) S\u00f6z konusu i\u015fin s\u00fcresinin 2022 y\u0131l\u0131na sarkt\u0131\u011f\u0131 ancak an\u0131lan istekli taraf\u0131ndan sunulan a\u015f\u0131r\u0131 d\u00fc\u015f\u00fck teklif a\u00e7\u0131klamas\u0131nda MTV, muayene ve egzoz emisyon maliyeti i\u00e7in yap\u0131lan hesaplamalarda 2022 y\u0131l\u0131na ili\u015fkin bir art\u0131\u015f hesaplanmad\u0131\u011f\u0131, yap\u0131lan hesaplamalarda ara\u00e7 say\u0131s\u0131n\u0131n eksik belirlendi\u011fi,<\/p>\n\n\n\n<p>g) Sunulan a\u015f\u0131r\u0131 d\u00fc\u015f\u00fck teklif a\u00e7\u0131klamas\u0131nda 2022 y\u0131l\u0131na ili\u015fkin i\u015f\u00e7ilik maliyeti i\u00e7in herhangi bir art\u0131\u015f hesaplanmad\u0131\u011f\u0131,<\/p>\n\n\n\n<p>h) Ara\u00e7lara ili\u015fkin akaryak\u0131t maliyeti hesaplan\u0131rken s\u00f6z konusu ara\u00e7lar\u0131n akaryak\u0131t sarfiyat\u0131n\u0131 tevsik eden yetkili servislerden al\u0131nm\u0131\u015f bir belgenin sunulmad\u0131\u011f\u0131, sunulan belgelerin ise yetkili servislerden al\u0131nd\u0131\u011f\u0131na ili\u015fkin tevsik edici bir belge sunulmad\u0131\u011f\u0131, sunulan belgelerde ara\u00e7lar\u0131n marka, model ta\u015f\u0131ma kapasitesi ve motor g\u00fcc\u00fcne yer verilmedi\u011fi, katalog \u00fczerinden yap\u0131lan a\u00e7\u0131klamalar\u0131n ge\u00e7erli olmad\u0131\u011f\u0131 zira ilgili ara\u00e7lar\u0131n s\u0131f\u0131r ara\u00e7 stat\u00fcs\u00fcnde olmad\u0131\u011f\u0131, akaryak\u0131t maliyetinin &nbsp;bir litre akaryak\u0131t \u00fczerinden hesaplanarak a\u00e7\u0131klanmas\u0131n\u0131n mevzuata ayk\u0131r\u0131 oldu\u011fu, akaryak\u0131ta ili\u015fkin belirlenen birim fiyat\u0131n en y\u00fcksek i\u015flem hacimli 8 firman\u0131n akaryak\u0131t fiyatlar\u0131na ili\u015fkin raporda yer alan birim fiyat\u0131n %90\u2019\u0131n\u0131n alt\u0131nda oldu\u011fu, akaryak\u0131t hesaplamalar\u0131nda mesafelerin eksik al\u0131nd\u0131\u011f\u0131, ara\u00e7lara ili\u015fkin akaryak\u0131t sarfiyat de\u011ferlerinin ilgili ara\u00e7lara ili\u015fkin kataloglarda yer alan akaryak\u0131t sarfiyat de\u011ferleri ile uyu\u015fmad\u0131\u011f\u0131,<\/p>\n\n\n\n<p>&nbsp;\u0131) Fiyat tekliflerinin kamu ihale mevzuat\u0131nca ta\u015f\u0131mas\u0131 gereken ibareyi ta\u015f\u0131mad\u0131\u011f\u0131 ve s\u00f6z konusu fiyat tekliflerinin serbest muhasebeci taraf\u0131ndan d\u00fczenlendi\u011fi,<\/p>\n\n\n\n<p>&#8211; Akaryak\u0131t, bak\u0131m onar\u0131m, sigorta, MTV, ak\u00fc ve lastik gibi baz\u0131 maliyet bile\u015fenlerinin kiralama maliyetine dahil edilmesinin mevzuata ayk\u0131r\u0131 oldu\u011fu,<\/p>\n\n\n\n<p>&#8211; Fiyat teklifi al\u0131nan firmalar\u0131n faaliyet alan\u0131 i\u00e7inde kiralama ve bak\u0131m-onar\u0131m faaliyetlerinin yer almad\u0131\u011f\u0131,<\/p>\n\n\n\n<p>&#8211; Fiyat tekliflerinin ekinde s\u00f6z konusu fiyat tekliflerine dayanak te\u015fkil eden tutanaklar\u0131n sunulmad\u0131\u011f\u0131, tutanaklardaki tarih ve say\u0131 bilgilerinin fiyat teklifleriyle &nbsp;uyu\u015fmad\u0131\u011f\u0131, tutanaklar\u0131n as\u0131llar\u0131n\u0131n yahut noter onayl\u0131 suretlerinin sunulmad\u0131\u011f\u0131, tutanaklar\u0131n gerekli bilgileri i\u00e7ermedi\u011fi, fiyat teklifleri ve tutanaklar\u0131n yetkili olmayan ki\u015filerce yahut m\u00fc\u015fterek imza gereken durumlarda tek imza ile &nbsp;imzaland\u0131\u011f\u0131, tutanaklar\u0131n son ge\u00e7ici vergi beyanname d\u00f6nemine ili\u015fkin d\u00fczenlenmedi\u011fi, tutanaklarda fatura bilgileri tablosunun yer almad\u0131\u011f\u0131, tutanaklarda ve fatura bilgileri tablosunda aritmetik hata bulundu\u011fu, &nbsp;fiyat tekliflerindeki fiyatlar\u0131n s\u00f6z konusu fiyat tekliflerine dayanak te\u015fkil eden tutanaklardaki ortalama tutarlar\u0131n %80\u2019inden d\u00fc\u015f\u00fck oldu\u011fu, tutanaklardaki fatura tarihlerinin yine bu tutanaklarda yer alan ge\u00e7ici vergi beyanname d\u00f6nemiyle uyu\u015fmad\u0131\u011f\u0131, fiyat tekliflerindeki i\u015f ile tutanaklarda ve fatura bilgileri tablosunda yer alan hizmetlerin ayn\u0131 olmad\u0131\u011f\u0131, tutanaklardaki fatura bilgileri tablosundan faturaya konu mal ve hizmetlerin ad\u0131n\u0131n nevinin, fiyat\u0131n\u0131n ve miktar\u0131n\u0131n anla\u015f\u0131lamad\u0131\u011f\u0131,<\/p>\n\n\n\n<p>&#8211; Fiyat tekliflerini imzalayan vekillerin imza yetkisinin olmad\u0131\u011f\u0131 ve s\u00f6z konusu vekillere ili\u015fkin imza beyannamesinin sunulmad\u0131\u011f\u0131 iddialar\u0131na yer verilmi\u015ftir.<\/p>\n\n\n\n<p>Ba\u015fvuru sahibinin iddialar\u0131n\u0131n de\u011ferlendirilmesi sonucunda a\u015fa\u011f\u0131daki hususlar tespit edilmi\u015ftir.<\/p>\n\n\n\n<p>4734 say\u0131l\u0131&nbsp;Kamu \u0130hale Kanunu\u2019nun \u201cA\u015f\u0131r\u0131 d\u00fc\u015f\u00fck teklifler\u201d ba\u015fl\u0131kl\u0131 38\u2019inci maddesinde&nbsp;<em>\u201c\u0130hale komisyonu verilen teklifleri&nbsp;de\u011ferlendirdikten sonra, di\u011fer tekliflere veya idarenin tespit etti\u011fi yakla\u015f\u0131k maliyete g\u00f6re teklif fiyat\u0131 a\u015f\u0131r\u0131 d\u00fc\u015f\u00fck olanlar\u0131 tespit eder. Bu teklifleri reddetmeden \u00f6nce, belirledi\u011fi s\u00fcre i\u00e7inde teklif sahiplerinden teklifte \u00f6nemli oldu\u011funu tespit etti\u011fi bile\u015fenler ile ilgili ayr\u0131nt\u0131lar\u0131 yaz\u0131l\u0131 olarak ister.<\/em><\/p>\n\n\n\n<p><em>\u0130hale komisyonu;<\/em><\/p>\n\n\n\n<p><em>a) \u0130malat s\u00fcrecinin, verilen hizmetin ve yap\u0131m y\u00f6nteminin ekonomik olmas\u0131, &nbsp;&nbsp;&nbsp;&nbsp;&nbsp;&nbsp;&nbsp;&nbsp;&nbsp;<\/em><\/p>\n\n\n\n<p><em>b)&nbsp; Se\u00e7ilen teknik \u00e7\u00f6z\u00fcmler ve teklif sahibinin mal ve hizmetlerin temini veya yap\u0131m i\u015finin yerine getirilmesinde kullanaca\u011f\u0131 avantajl\u0131 ko\u015fullar,&nbsp;&nbsp;&nbsp;&nbsp;&nbsp;&nbsp;&nbsp;&nbsp;&nbsp;&nbsp;&nbsp;<\/em><\/p>\n\n\n\n<p><em>c)&nbsp;Teklif edilen mal, hizmet veya yap\u0131m i\u015finin \u00f6zg\u00fcnl\u00fc\u011f\u00fc gibi hususlarda yap\u0131lan yaz\u0131l\u0131 a\u00e7\u0131klamalar\u0131 dikkate alarak, a\u015f\u0131r\u0131 d\u00fc\u015f\u00fck teklifleri de\u011ferlendirir. Bu de\u011ferlendirme sonucunda, a\u00e7\u0131klamalar\u0131 yeterli g\u00f6r\u00fclmeyen veya yaz\u0131l\u0131 a\u00e7\u0131klamada bulunmayan isteklilerin teklifleri reddedilir. \u2026\u201d&nbsp;<\/em>h\u00fckm\u00fc,<\/p>\n\n\n\n<p>Kamu \u0130hale Genel Tebli\u011fi\u2019nin \u201cHizmet al\u0131m\u0131 ihalelerinde s\u0131n\u0131r de\u011fer tespiti ve a\u015f\u0131r\u0131 d\u00fc\u015f\u00fck tekliflerin de\u011ferlendirilmesi\u201d ba\u015fl\u0131kl\u0131 79\u2019uncu maddesinde&nbsp;<em>\u201c79.1. (De\u011fi\u015fik madde: 25\/01\/2017-29959 R.G.\/10. md.; y\u00fcr\u00fcrl\u00fck:1\/2\/2017) Hizmet al\u0131m\u0131 ihalelerinde s\u0131n\u0131r de\u011fer a\u015fa\u011f\u0131daki kurallara g\u00f6re tespit edilir.<\/em><\/p>\n\n\n\n<p><em>&#8230;<\/em><\/p>\n\n\n\n<p><em>79.2. \u0130hale ilan\u0131nda ve dok\u00fcman\u0131nda teklifi s\u0131n\u0131r de\u011ferin alt\u0131nda kalan isteklilerden a\u00e7\u0131klama istenece\u011fi belirtilen hizmet al\u0131m\u0131 ihalelerinde, a\u015f\u0131r\u0131 d\u00fc\u015f\u00fck tekliflerin de\u011ferlendirilmesi a\u015famas\u0131nda a\u015fa\u011f\u0131daki d\u00fczenlemelere g\u00f6re i\u015flem tesis edilmesi gerekmektedir. &nbsp;<\/em><\/p>\n\n\n\n<p><em>79.2.1. A\u015f\u0131r\u0131 d\u00fc\u015f\u00fck tekliflere y\u00f6nelik a\u00e7\u0131klama istenmesine ili\u015fkin yaz\u0131da, isteklilerin yapacaklar\u0131 a\u00e7\u0131klamalara esas olacak \u00f6nemli teklif bile\u015fenlerinin, b\u00fct\u00fcn istekliler i\u00e7in ayn\u0131 unsurlar\u0131 i\u00e7erecek \u015fekilde belirtilmesi zorunludur. A\u015f\u0131r\u0131 d\u00fc\u015f\u00fck teklif a\u00e7\u0131klamas\u0131 sunulmas\u0131 i\u00e7in isteklilere \u00fc\u00e7 (3) i\u015f g\u00fcn\u00fcnden az olmamak \u00fczere uygun bir s\u00fcre verilir.<\/em><\/p>\n\n\n\n<p><em>79.2.2. \u0130stekliler a\u015f\u0131r\u0131 d\u00fc\u015f\u00fck olarak tespit edilen tekliflerini a\u015fa\u011f\u0131daki y\u00f6ntemleri kullanarak a\u00e7\u0131klayabilirler.<\/em><\/p>\n\n\n\n<p><em>79.2.2.1. \u00dc\u00e7\u00fcnc\u00fc Ki\u015filerden Al\u0131nan Fiyat Teklifleri: Teklifi olu\u015fturan maliyet bile\u015fenlerine ili\u015fkin \u00fc\u00e7\u00fcnc\u00fc ki\u015filerden fiyat teklifi al\u0131nmas\u0131 durumunda, \u00f6ncelikli olarak fiyat teklifini veren ki\u015fiyle tam tasdik s\u00f6zle\u015fmesi yapan veya beyannamelerini imzalamaya yetkili olan meslek mensubu taraf\u0131ndan ilgisine g\u00f6re teklife konu mal veya hizmet i\u00e7in maliyet tespit tutana\u011f\u0131 (Ek-O.5) veya sat\u0131\u015f tutar\u0131 tespit tutana\u011f\u0131 (Ek-O.6) d\u00fczenlenecektir. (De\u011fi\u015fik ibare: 30\/09\/2020-31260 R.G.\/21. md.) Tutanaklar fiyat teklifinin dayana\u011f\u0131 olarak d\u00fczenlenecek olup, a\u015f\u0131r\u0131 d\u00fc\u015f\u00fck teklif a\u00e7\u0131klamas\u0131 kapsam\u0131nda sunulacakt\u0131r.<\/em><em><\/em><\/p>\n\n\n\n<p><em>Maliyet tespit tutana\u011f\u0131 dayanak al\u0131narak fiyat teklifi sunulabilmesi i\u00e7in, fiyat teklifinin mamul\/mala ili\u015fkin olmas\u0131 halinde mamul\/mal\u0131n birim fiyat\u0131n\u0131n, tutanakta tespit edilen a\u011f\u0131rl\u0131kl\u0131 ortalama birim maliyetin alt\u0131nda olmamas\u0131; fiyat teklifinin hizmete ili\u015fkin olmas\u0131 halinde ise bu hizmetin birim fiyat\u0131n\u0131n, tutanakta tespit edilen toplam birim maliyetin alt\u0131nda olmamas\u0131, bu tespitin (Ek-O.5) formunda yap\u0131lmas\u0131, fiyat teklifi \u00fczerine meslek mensubu taraf\u0131ndan \u201cBu fiyat teklifindeki birim fiyat\u0131n, m\u00fckellefin yasal defter ve belgelerine g\u00f6re taraf\u0131mca d\u00fczenlenerek onaylanan (&#8230;\/&#8230;\/&#8230;) tarih ve (\u2026) say\u0131l\u0131 maliyet tespit tutana\u011f\u0131ndaki ortalama\/toplam birim maliyet tutar\u0131n\u0131n alt\u0131nda olmad\u0131\u011f\u0131n\u0131 beyan ederim.\u201d ibaresinin yaz\u0131larak imzalanmas\u0131 ve ileti\u015fim bilgileri de belirtilmek suretiyle ka\u015felenmesi\/m\u00fch\u00fcrlenmesi gerekmektedir.<\/em><\/p>\n\n\n\n<p><em>Sat\u0131\u015f tutar\u0131 tespit tutana\u011f\u0131 dayanak al\u0131narak fiyat teklifi sunulabilmesi i\u00e7in teklif edilen birim fiyat\u0131n, ilgili tutanakta tespit edilen a\u011f\u0131rl\u0131kl\u0131 ortalama birim sat\u0131\u015f tutar\u0131n\u0131n % 80\u2019inin alt\u0131nda olmamas\u0131, bu tespitin (Ek-O.6) formunda yap\u0131lmas\u0131, fiyat teklifi \u00fczerine meslek mensubu taraf\u0131ndan \u201cBu fiyat teklifindeki birim fiyat\u0131n, m\u00fckellefin yasal defter ve belgelerine g\u00f6re taraf\u0131mca d\u00fczenlenerek onaylanan (&#8230;\/&#8230;\/&#8230;) tarih ve (\u2026) say\u0131l\u0131 sat\u0131\u015f tutar\u0131 tespit tutana\u011f\u0131ndaki a\u011f\u0131rl\u0131kl\u0131 ortalama birim sat\u0131\u015f tutar\u0131n\u0131n % 80\u2019inin alt\u0131nda olmad\u0131\u011f\u0131n\u0131 beyan ederim.\u201d ibaresinin yaz\u0131larak imzalanmas\u0131 ve ileti\u015fim bilgileri de belirtilmek suretiyle ka\u015felenmesi\/m\u00fch\u00fcrlenmesi gerekmektedir.<\/em><\/p>\n\n\n\n<p><em>\u00dc\u00e7\u00fcnc\u00fc ki\u015filerden al\u0131nan fiyat tekliflerinin teklife konu alanda faaliyet g\u00f6sterenlerden al\u0131nmas\u0131 gerekmekte olup, bu belgelerin ihale tarihinden \u00f6nce d\u00fczenlenmi\u015f olmas\u0131 zorunlu de\u011fildir.<\/em><\/p>\n\n\n\n<p><em>Ka\u015feleme i\u015flemi 8.4 \u00fcnc\u00fc maddede belirtilen \u00f6zel ka\u015fe kullan\u0131lmak suretiyle yap\u0131labilece\u011fi gibi, bu ka\u015fe d\u0131\u015f\u0131nda meslek mensubuna ili\u015fkin bilgileri i\u00e7eren ka\u015fe kullan\u0131lmak suretiyle de yap\u0131labilir.<\/em><\/p>\n\n\n\n<p><em>79.2.2.2. (De\u011fi\u015fik madde: 25\/01\/2017-29959 R.G.\/11. md.) Merkezi Kamu Kurum ve Kurulu\u015flar\u0131 Taraf\u0131ndan \u00dclke \u00c7ap\u0131nda Sunulan Mal ve Hizmetlere \u0130li\u015fkin Fiyatlar: Teklifi olu\u015fturan maliyet bile\u015fenlerine ili\u015fkin merkezi kamu kurum ve kurulu\u015flar\u0131 taraf\u0131ndan \u00fclke \u00e7ap\u0131nda sunulan mal ve hizmetlere ili\u015fkin fiyat tarifeleri veya istekliye verilmi\u015f fiyat teklifleri a\u00e7\u0131klama y\u00f6ntemi olarak kullan\u0131labilir. Bu y\u00f6ntemle yap\u0131lm\u0131\u015f a\u00e7\u0131klaman\u0131n ge\u00e7erli olabilmesi i\u00e7in kullan\u0131lan fiyatlar\u0131n ilan\/davet ile ihale tarihi aras\u0131nda (ihale tarihi hari\u00e7) ge\u00e7erli olmas\u0131 zorunludur.<\/em><\/p>\n\n\n\n<p><em>79.2.2.3. &nbsp;Kamu Kurum ve Kurulu\u015flar\u0131 Taraf\u0131ndan \u0130lan Edilen Fiyatlar: Teklifi olu\u015fturan maliyet bile\u015fenlerine ili\u015fkin kamu kurum ve kurulu\u015flar\u0131 taraf\u0131ndan ilan edilmi\u015f fiyat tarifeleri a\u00e7\u0131klama y\u00f6ntemi olarak kullan\u0131labilir. Bu usulle yap\u0131lm\u0131\u015f a\u00e7\u0131klaman\u0131n ge\u00e7erli olabilmesi i\u00e7in ilan edilen fiyatlar\u0131n ihalenin ilan\/davet ile ihale tarihi aras\u0131nda (ihale tarihi hari\u00e7) ge\u00e7erli olmas\u0131 zorunludur.<\/em><\/p>\n\n\n\n<p><em>79.2.2.4. &nbsp;Ticaret Borsas\u0131 Fiyatlar\u0131: Teklifi olu\u015fturan maliyet bile\u015fenlerine ili\u015fkin 18\/5\/2004 tarihli ve 5174 say\u0131l\u0131 T\u00fcrkiye Odalar ve Borsalar Birli\u011fi ile Odalar ve Borsalar Kanununun 51 inci maddesinin (c) bendi uyar\u0131nca borsa idaresi taraf\u0131ndan d\u00fczenlenen ve ilgili mal\u0131n ihale tarihinden \u00f6nceki son 12 ay\u0131n herhangi bir i\u015flem g\u00fcn\u00fcnde ger\u00e7ekle\u015fen ortalama fiyat\u0131n\u0131 g\u00f6steren belge ile a\u00e7\u0131klama yap\u0131labilir.<\/em><\/p>\n\n\n\n<p><em>79.2.2.5. &nbsp;Toptanc\u0131 Hal Fiyatlar\u0131: Teklifi olu\u015fturan maliyet bile\u015fenlerine ili\u015fkin 11\/3\/2010 tarihli ve 5957 say\u0131l\u0131 Sebze ve Meyveler ile Yeterli Arz ve Talep Derinli\u011fi Bulunan Di\u011fer Mallar\u0131n Ticaretinin D\u00fczenlenmesi Hakk\u0131nda Kanun uyar\u0131nca faaliyet g\u00f6steren toptanc\u0131 hali idaresi taraf\u0131ndan d\u00fczenlenen ve ilgili mal\u0131n ihale tarihinden \u00f6nceki son 12 ay\u0131n herhangi bir i\u015flem g\u00fcn\u00fcne ait ortalama fiyat\u0131n\u0131 g\u00f6steren belge ile a\u00e7\u0131klama yap\u0131labilir.<\/em><\/p>\n\n\n\n<p><em>79.2.2.6. &nbsp;\u00d6zel veya M\u00fcnhas\u0131r Hak Sahibi Kurulu\u015flar\u0131n Uygulad\u0131\u011f\u0131 Fiyatlar: \u0130lgili mevzuat\u0131 uyar\u0131nca, belirli mal veya hizmetlerin kamuya sunulmas\u0131 konusunda lehine s\u0131n\u0131rlama bulunan kurulu\u015flar\u0131n tedarik\u00e7isi olduklar\u0131 mallar veya sunucusu olduklar\u0131 hizmetler i\u00e7in uygulad\u0131klar\u0131 fiyatlar ile a\u00e7\u0131klama yap\u0131labilir. (Ek c\u00fcmle: 25\/01\/2017-29959 R.G.\/12. md.) Bu usulle yap\u0131lm\u0131\u015f a\u00e7\u0131klaman\u0131n ge\u00e7erli olabilmesi i\u00e7in kullan\u0131lan fiyatlar\u0131n ilan\/davet ile ihale tarihi aras\u0131nda (ihale tarihi hari\u00e7) ge\u00e7erli olmas\u0131 zorunludur.<\/em><\/p>\n\n\n\n<p><em>79.2.2.7. &nbsp;\u0130steklinin Kendi \u00dcretti\u011fi, Ald\u0131\u011f\u0131 veya Satt\u0131\u011f\u0131 Mallara \u0130li\u015fkin Fiyatlar: Teklifi olu\u015fturan maliyet bile\u015fenlerine ili\u015fkin olarak isteklinin kendi \u00fcretti\u011fi, ald\u0131\u011f\u0131 veya satt\u0131\u011f\u0131 mallara ait fiyatlar\u0131n kullan\u0131lmas\u0131 durumunda, istekliyle tam tasdik s\u00f6zle\u015fmesi yapan veya beyannamelerini imzalamaya yetkili olan meslek mensubu taraf\u0131ndan ilgisine g\u00f6re a\u015f\u0131r\u0131 d\u00fc\u015f\u00fck teklif a\u00e7\u0131klamas\u0131na konu mal i\u00e7in d\u00fczenlenen maliyet\/sat\u0131\u015f tutar\u0131 tespit tutana\u011f\u0131 (Ek-O.7) ile a\u00e7\u0131klama yap\u0131labilir.<\/em><\/p>\n\n\n\n<p><em>Maliyetler dayanak al\u0131narak yap\u0131lan a\u00e7\u0131klaman\u0131n ge\u00e7erli olabilmesi i\u00e7in teklif edilen birim fiyat\u0131n, ilgili tutanakta (Ek-O.7) tespit edilen a\u011f\u0131rl\u0131kl\u0131 ortalama birim maliyetin alt\u0131nda olmamas\u0131 ve isteklinin son veya bir \u00f6nceki ge\u00e7ici vergi beyanname d\u00f6neminde ihale konusu i\u015fte kullan\u0131lmas\u0131n\u0131 \u00f6ng\u00f6rd\u00fc\u011f\u00fc mal miktar\u0131n\u0131n en az yar\u0131s\u0131 kadar al\u0131m yapm\u0131\u015f olmas\u0131 gerekir.<\/em><\/p>\n\n\n\n<p><em>Sat\u0131\u015flar dayanak al\u0131narak yap\u0131lan a\u00e7\u0131klaman\u0131n ge\u00e7erli olabilmesi i\u00e7in teklif edilen birim fiyat\u0131n, ilgili tutanakta (Ek-O.7) tespit edilen a\u011f\u0131rl\u0131kl\u0131 ortalama birim sat\u0131\u015f tutar\u0131n\u0131n % 80\u2019inin alt\u0131nda olmamas\u0131 ve mal\u0131n ticaretinin isteklinin faaliyet alan\u0131nda olmas\u0131 gerekir. &nbsp;<\/em><\/p>\n\n\n\n<p><em>\u0130steklinin son veya bir \u00f6nceki ge\u00e7ici vergi beyanname d\u00f6neminde 4734 say\u0131l\u0131 Kanun kapsam\u0131ndaki idarelere a\u00e7\u0131klama konusu mala ili\u015fkin sat\u0131\u015f yapm\u0131\u015f ve sat\u0131lan mal\u0131n idarece kabul edilmi\u015f olmas\u0131 durumunda, maliyet\/sat\u0131\u015f tutar\u0131 tespit tutana\u011f\u0131 (Ek-O.7) sunulmas\u0131na gerek bulunmay\u0131p sadece s\u00f6z konusu sat\u0131\u015fa ili\u015fkin fatura \u00f6rnekleri veya bu \u00f6rneklerin noter, (Ek ibare: 12\/06\/2015-29384 R.G.\/3. md.; M\u00fclga ibare: 13.06.2019-30800 R.G\/14. md., y\u00fcr\u00fcrl\u00fck: 23.06.2019) YMM, SMMM ya da vergi dairesince onayl\u0131 suretleri ile de belgelendirme yap\u0131labilir.<\/em><\/p>\n\n\n\n<p><em>Ka\u015feleme i\u015flemi 8.4 \u00fcnc\u00fc maddede belirtilen \u00f6zel ka\u015fe kullan\u0131lmak suretiyle yap\u0131labilece\u011fi gibi, bu ka\u015fe d\u0131\u015f\u0131nda meslek mensubuna ili\u015fkin bilgileri i\u00e7eren ka\u015fe kullan\u0131lmak suretiyle de yap\u0131labilir.<\/em><\/p>\n\n\n\n<p><em>79.2.2.8. \u0130steklinin Orta\u011f\u0131 Oldu\u011fu T\u00fczel Ki\u015fiye Ait \u0130\u015fletmeden Mal \u00c7ekmesiyle Olu\u015fan Emsal Bedel: Teklifi olu\u015fturan maliyt bile\u015fenlerine ili\u015fkin olarak isteklinin orta\u011f\u0131 oldu\u011fu t\u00fczel ki\u015fiye ait i\u015fletmeden mal \u00e7ekmesi veya sat\u0131n almas\u0131 durumunda s\u00f6z konusu mal\u0131n emsal bedeli ile de\u011ferlenmesi gereklidir. Emsal bedelinin tespitinde 4\/1\/1961 tarihli ve 213 say\u0131l\u0131 Vergi Usul Kanununun ilgili h\u00fck\u00fcmleri esas al\u0131n\u0131r. Bu durumda, Vergi Usul Kanununa g\u00f6re hesaplanan emsal bedeli g\u00f6steren ve istekliyle tam tasdik s\u00f6zle\u015fmesi yapan veya beyannamelerini imzalamaya yetkili olan meslek mensubu taraf\u0131ndan haz\u0131rlanarak imzalanan ve ka\u015felenen beyan\u0131n verilmesi yeterlidir. Ka\u015feleme i\u015flemi 8.4 \u00fcnc\u00fc maddede belirtilen \u00f6zel ka\u015fe kullan\u0131lmak suretiyle yap\u0131labilece\u011fi gibi, bu ka\u015fe d\u0131\u015f\u0131nda meslek mensubuna ili\u015fkin bilgileri i\u00e7eren ka\u015fe kullan\u0131lmak suretiyle de yap\u0131labilir.<\/em><\/p>\n\n\n\n<p><em>79.2.3. Meslek mensubu; \u00fc\u00e7\u00fcnc\u00fc ki\u015filerden al\u0131nan fiyat teklifi \u00fczerindeki beyan\u0131n ve emsal bedel beyan\u0131 ile Ek-O.5, Ek-O.6 ve Ek-O.7 numaral\u0131 tutanaklardaki bilgilerin do\u011frulu\u011fundan sorumludur. Meslek mensubu ibaresinden Yeminli Mali M\u00fc\u015favirler veya Serbest Muhasebeci Mali M\u00fc\u015favirler anla\u015f\u0131l\u0131r\u201d<\/em><\/p>\n\n\n\n<p><em>79.2.4. Ek-O.5, Ek-O.6 ve Ek-O.7 numaral\u0131 tutanaklar\u0131n son veya bir \u00f6nceki ge\u00e7ici vergi beyanname d\u00f6nemine ili\u015fkin olarak d\u00fczenlenmesi zorunludur. Son veya bir \u00f6nceki ge\u00e7ici vergi beyanname d\u00f6neminin tespitinde; 4734 say\u0131l\u0131 Kanunun 21 inci maddesinin birinci f\u0131kras\u0131n\u0131n (a), (d) ve (e) bentlerine g\u00f6re pazarl\u0131k usul\u00fc ile yap\u0131lan ihalelerde ilk yaz\u0131l\u0131 fiyat tekliflerinin al\u0131nd\u0131\u011f\u0131 tarih, di\u011fer ihale usulleri ile yap\u0131lan ihalelerde ise ihale tarihi esas al\u0131n\u0131r.<\/em><\/p>\n\n\n\n<p><em>\u00d6rne\u011fin; 11.1.2014 tarihinde a\u00e7\u0131k ihale usul\u00fc ile yap\u0131lan ihalede son ge\u00e7ici vergi beyanname d\u00f6nemi \u201cEkim-Kas\u0131m-Aral\u0131k 2013\u201d, 15.7.2014 tarihinde a\u00e7\u0131k ihale usul\u00fc ile yap\u0131lan ihalede son ge\u00e7ici vergi beyanname d\u00f6nemi \u201cNisan-May\u0131s-Haziran 2014\u201d t\u00fcr.<\/em><\/p>\n\n\n\n<p><em>79.2.5. \u0130\u015fletme hesab\u0131na g\u00f6re defter tutuluyor olmas\u0131 durumunda; yukar\u0131da belirtilen tutanaklar, i\u015fletme hesab\u0131 defteri ve i\u015fletme hesap \u00f6zeti kay\u0131tlar\u0131na g\u00f6re d\u00fczenlenir.<\/em><\/p>\n\n\n\n<p><em>&#8230;<\/em><\/p>\n\n\n\n<p><em>79.2.7. (Ek madde: 25\/01\/2017-29959 R.G.\/14. md.; Ek ibare: 06\/02\/2018-30324 R.G.\/7. md.; De\u011fi\u015fik c\u00fcmle: 26\/01\/2021-31376 R.G.\/3. md.) \u0130stekliler taraf\u0131ndan akaryak\u0131t girdisine ili\u015fkin olarak, EPDK taraf\u0131ndan yay\u0131mlanan, \u0130stanbul \u0130li, Avrupa Yakas\u0131nda bulunan bayiler ad\u0131na beyan edilmi\u015f fiyatlar\u0131n ortalamas\u0131n\u0131 yans\u0131tan En Y\u00fcksek \u0130\u015flem Hacimli 8 Firman\u0131n Akaryak\u0131t Fiyatlar\u0131na \u0130li\u015fkin Raporda yer alan fiyatlar\u0131n % 90\u2019\u0131n\u0131n alt\u0131nda sunulan a\u00e7\u0131klamalar ge\u00e7erli kabul edilmez. (Ek c\u00fcmle: 16\/03\/2019-30716 R.G.\/18. md.) Motorin veya benzine y\u00f6nelik olarak \u00f6ng\u00f6r\u00fclen tutar\u0131n TL\/lt&nbsp;cinsinden hesaplanmas\u0131nda Enerji Piyasas\u0131 D\u00fczenleme Kurumunun ilgili d\u00fczenlemeleri dikkate al\u0131nacakt\u0131r.<\/em><\/p>\n\n\n\n<p><em>79.3. \u0130darelerin a\u015f\u0131r\u0131 d\u00fc\u015f\u00fck teklif tespit ve de\u011ferlendirilmesine ili\u015fkin a\u015fa\u011f\u0131daki d\u00fczenlemeleri de dikkate almalar\u0131 gerekmektedir.<\/em><\/p>\n\n\n\n<p><em>79.3.1. Teklifi a\u015f\u0131r\u0131 d\u00fc\u015f\u00fck olarak tespit edildikten sonra yukar\u0131daki y\u00f6ntemlere g\u00f6re usul\u00fcne uygun a\u00e7\u0131klama yapan isteklilerin teklifleri ge\u00e7erli kabul edilir. Hayat\u0131n ola\u011fan ak\u0131\u015f\u0131na veya ticari gereklere ayk\u0131r\u0131l\u0131k gibi nedenlerle teklifler reddedilemez.<\/em><\/p>\n\n\n\n<p><em>79.3.2. 79.2.2 nci maddede yer alan y\u00f6ntemlerden herhangi biri ile a\u00e7\u0131klama yap\u0131lmas\u0131n\u0131n fiilen m\u00fcmk\u00fcn olmad\u0131\u011f\u0131n\u0131n anla\u015f\u0131ld\u0131\u011f\u0131 durumlarda, istekli taraf\u0131ndan gerek\u00e7esi belirtilmek suretiyle, ilgili mevzuat\u0131na g\u00f6re ihale tarihinden \u00f6nceki son 12 ay i\u00e7inde d\u00fczenlenen a\u00e7\u0131klamaya elveri\u015fli di\u011fer bilgi ve belgeler kullan\u0131larak da a\u00e7\u0131klama yap\u0131labilir.<\/em><\/p>\n\n\n\n<p><em>79.3.3. Kurumca haz\u0131rlanan \u201c\u0130\u015f\u00e7ilik Hesaplama Mod\u00fcl\u00fc\u201d ne (www.ihale.gov.tr) adresinden ula\u015f\u0131labilecek olup, personel \u00e7al\u0131\u015ft\u0131r\u0131lmas\u0131na dayal\u0131 hizmet al\u0131m\u0131 ihalelerinde tekliflerin de\u011ferlendirilmesi ba\u011flam\u0131nda s\u00f6zle\u015fme ve genel giderler dahil asgari i\u015f\u00e7ilik maliyeti hesab\u0131nda i\u015f\u00e7ilik hesaplama mod\u00fcl\u00fcn\u00fcn kullan\u0131lmas\u0131 zorunludur.<\/em><\/p>\n\n\n\n<p><em>79.3.4. Hizmet al\u0131m ihalelerinde herhangi bir sigorta giderinin a\u015f\u0131r\u0131 d\u00fc\u015f\u00fck teklif sorgulamas\u0131nda \u00f6nemli bir bile\u015fen olarak kabul edilmesi durumunda, isteklilerce sigorta acentelerinden al\u0131nan poli\u00e7e, fiyat teklifi veya s\u00f6zle\u015fmelerin ekine ihale dok\u00fcman\u0131nda yer alan teminat tutarlar\u0131 \u00fczerinden teklif ettikleri sigorta prim tutarlar\u0131yla sigorta hizmetini ger\u00e7ekle\u015ftirebileceklerine ili\u015fkin, ilgili sigorta \u015firketinin genel m\u00fcd\u00fcrl\u00fc\u011f\u00fcnden veya b\u00f6lge m\u00fcd\u00fcrl\u00fc\u011f\u00fcnden al\u0131nan teyit yaz\u0131s\u0131n\u0131n eklenmesi ve bu yaz\u0131n\u0131n yetkili ki\u015filerin imzas\u0131n\u0131 ta\u015f\u0131mas\u0131 gereklidir. Ancak sigorta \u015firketlerinin genel m\u00fcd\u00fcrl\u00fck veya b\u00f6lge m\u00fcd\u00fcrl\u00fckleri taraf\u0131ndan imzalanm\u0131\u015f poli\u00e7e veya fiyat teklifleri i\u00e7in teyit al\u0131nmas\u0131 zorunlu de\u011fildir. Sigorta giderinin tevsiki i\u00e7in sunulan belgenin i\u015fin s\u00fcresinin tamam\u0131n\u0131 kapsamas\u0131 gerekmektedir. (Ek c\u00fcmle: 25\/01\/2017-29959 R.G.\/15. md.) Ancak birden fazla y\u0131l\u0131 kapsayan (Ek ibare: 26\/01\/2021-31376 R.G.\/4. md.) ya da ihale tarihi ile i\u015fin ba\u015flang\u0131\u00e7 tarihinin farkl\u0131 y\u0131llara ait oldu\u011fu i\u015flerde ilk y\u0131l i\u00e7in al\u0131nan sigorta teklifinin (De\u011fi\u015fik ibare: 30\/09\/2020-31260 R.G.\/22. md.) ihale tarihi itibar\u0131yla en son a\u00e7\u0131klanm\u0131\u015f olan Yurti\u00e7i \u00dcretici Fiyatlar\u0131 Endeksi \u201cOn iki ayl\u0131k ortalamalara g\u00f6re de\u011fi\u015fim oran\u0131 (%)\u201d tablosundaki oran esas al\u0131nmak suretiyle g\u00fcncellenerek di\u011fer y\u0131llar i\u00e7in kullan\u0131lmas\u0131 m\u00fcmk\u00fcnd\u00fcr. (Ek c\u00fcmle: 30\/09\/2020-31260 R.G.\/22. md.) \u00d6rne\u011fin; s\u00f6zle\u015fme s\u00fcresi 3 y\u0131l, ihale tarihi 1\/11\/2019, i\u015fe ba\u015flama tarihi 1\/1\/2020 olan bir ihalede, ihale tarihi itibar\u0131yla y\u0131ll\u0131k 100 TL olan sigorta prim tutar\u0131 maliyet kalemi, &nbsp;Yurti\u00e7i \u00dcretici Fiyatlar\u0131 Endeksi on iki ayl\u0131k ortalamalara g\u00f6re de\u011fi\u015fim oran\u0131 tablosunda en son a\u00e7\u0131klanm\u0131\u015f olan 2019 y\u0131l\u0131 Eyl\u00fcl ay\u0131 de\u011fi\u015fim oran\u0131 (%26,44) \u00fczerinden; 2020 y\u0131l\u0131 i\u00e7in (100 TL*1,2644) 126,44 TL; 2021 y\u0131l\u0131 i\u00e7in (126,44 TL*1,2644) 159,87 TL; 2022 y\u0131l\u0131 i\u00e7in (159,87 TL*1,2644) 202,14 TL olarak hesaplanacakt\u0131r.<\/em><\/p>\n\n\n\n<p><em>79.3.5. Personel \u00e7al\u0131\u015ft\u0131r\u0131lmas\u0131na dayal\u0131 olmayan hizmet al\u0131mlar\u0131na ili\u015fkin yap\u0131lan a\u015f\u0131r\u0131 d\u00fc\u015f\u00fck teklif a\u00e7\u0131klamas\u0131nda, s\u00f6zle\u015fme giderleri ve genel giderlerin % 4 oran\u0131nda hesaplanmas\u0131 s\u00f6z konusu olmayacak, s\u00f6zle\u015fme giderleri ilgili mevzuat\u0131na g\u00f6re hesaplanmak suretiyle a\u00e7\u0131klama yap\u0131lacakt\u0131r.<\/em><\/p>\n\n\n\n<p><em>79.3.6. (Ek madde: 30\/09\/2020-31260 R.G.\/23. md.) \u0130hale dok\u00fcman\u0131nda fiyat fark\u0131 verilece\u011fine ili\u015fkin d\u00fczenleme bulunmayan ve birden fazla y\u0131l\u0131 kapsayan (Ek ibare: 26\/01\/2021-31376 R.G.\/5. md.) ya da ihale tarihi ile i\u015fin ba\u015flang\u0131\u00e7 tarihinin farkl\u0131 y\u0131llara ait oldu\u011fu i\u015flere ili\u015fkin a\u015f\u0131r\u0131 d\u00fc\u015f\u00fck teklif sorgulamas\u0131 yaz\u0131s\u0131nda idarece \u00f6nemli bir bile\u015fen olarak belirtilen ve istekliler taraf\u0131ndan ihale tarihi itibar\u0131yla art\u0131\u015f oran\u0131 ve\/veya tutar\u0131 tespit edilemeyen motorlu ta\u015f\u0131tlar vergisi, ara\u00e7 muayene i\u015flemleri gibi giderler ile mali y\u00fck\u00fcml\u00fcl\u00fckler ve\/veya tarife bedellerinin, sonraki y\u0131llara ili\u015fkin bedelleri, ilk y\u0131l i\u00e7in \u00f6ng\u00f6r\u00fclen bedelin, ihale tarihi itibar\u0131yla en son a\u00e7\u0131klanm\u0131\u015f olan Yurti\u00e7i \u00dcretici Fiyatlar\u0131 Endeksi \u201cOn iki ayl\u0131k ortalamalara g\u00f6re de\u011fi\u015fim oran\u0131 (%)\u201d tablosundaki oran \u00fczerinden g\u00fcncellenerek hesaplan\u0131r. \u00d6rne\u011fin; s\u00f6zle\u015fme s\u00fcresi 3 y\u0131l, ihale tarihi 15\/11\/2019, i\u015fe ba\u015flama tarihi 1\/1\/2020 olan bir ihalede, motorlu ta\u015f\u0131tlar vergisi tutar\u0131 ihale tarihi itibar\u0131yla y\u0131ll\u0131k 100 TL olan maliyet kalemiz Yurti\u00e7i \u00dcretici Fiyatlar\u0131 Endeksi on iki ayl\u0131k ortalamalara g\u00f6re de\u011fi\u015fim oran\u0131 tablosunda en son a\u00e7\u0131klanm\u0131\u015f olan 2019 y\u0131l\u0131 Ekim ay\u0131 de\u011fi\u015fim oran\u0131 (%22,58) \u00fczerinden; 2020 y\u0131l\u0131 i\u00e7in (100 TL*1,2258) 122,58 TL; 2021 y\u0131l\u0131 i\u00e7in (122,58 TL*1,2258) 150,26 TL; 2022 y\u0131l\u0131 i\u00e7in (150,26 TL*1,2258) 184,19 TL olarak hesaplanacakt\u0131r.\u201d<\/em>&nbsp;a\u00e7\u0131klamas\u0131,<\/p>\n\n\n\n<p>Okul Servis Ara\u00e7lar\u0131 Y\u00f6netmeli\u011fi\u2019nin \u201cTa\u015f\u0131tlarda aranacak \u015fartlar\u201d ba\u015fl\u0131kl\u0131 4\u2019\u00fcnc\u00fc maddesinde&nbsp;<em>\u201cf) Okul servis arac\u0131 olarak kullan\u0131lacak ta\u015f\u0131tlar\u0131n ya\u015flar\u0131 oniki ya\u015f\u0131ndan b\u00fcy\u00fck olmayacakt\u0131r. Ta\u015f\u0131tlar\u0131n ya\u015f\u0131 fabrikas\u0131nca imal edildi\u011fi tarihten sonra gelen ilk takvim y\u0131l\u0131 esas al\u0131narak hesaplanacakt\u0131r.\u201d&nbsp;<\/em>h\u00fckm\u00fc,<\/p>\n\n\n\n<p>\u0130dari \u015eartname\u2019nin \u201c\u0130hale konusu i\u015fe ili\u015fkin bilgiler\u201d ba\u015fl\u0131kl\u0131 2\u2019nci maddesinde&nbsp;<em>\u201c2.1. \u0130hale konusu i\u015fin\/al\u0131m\u0131n;<\/em><\/p>\n\n\n\n<p><em>a) Ad\u0131: 2021-2022 E\u011fitim \u00d6\u011fretim Y\u0131l\u0131 Orta\u00f6\u011fretim ve \u0130mam Hatip Ortaokulu Ta\u015f\u0131mas\u0131<\/em><\/p>\n\n\n\n<p><em>B) T\u00fcr\u00fc: Hizmet Al\u0131m\u0131<\/em><\/p>\n\n\n\n<p><em>c) \u0130lgili Uygulama Y\u00f6netmeli\u011fi: Hizmet Al\u0131m\u0131 \u0130haleleri Uygulama Y\u00f6netmeli\u011fi<\/em><\/p>\n\n\n\n<p><em>\u00e7) Yat\u0131r\u0131m proje no&#8217;su (yap\u0131m i\u015flerinde): Bu madde bo\u015f b\u0131rak\u0131lm\u0131\u015ft\u0131r.<\/em><\/p>\n\n\n\n<p><em>d) Kodu:<\/em><\/p>\n\n\n\n<p><em>e) Miktar\u0131:<\/em><\/p>\n\n\n\n<p><em>K.Mara\u015f \u0130li Elbistan \u0130l\u00e7esi Merkez Ve Merkeze Ba\u011fl\u0131 K\u00f6y Ve K\u00f6y Alt\u0131 Yerle\u015fim Birimlerindeki 1613 \u00d6\u011frencinin 13 Ta\u015f\u0131ma Merkezi Okula 99 Hat ( Ara\u00e7) \u0130le 183 \u0130\u015f G\u00fcn\u00fc&nbsp;Ta\u015f\u0131mal\u0131 E\u011fitim&nbsp;\u0130\u015fi Teknik \u015eartnamesi<\/em><\/p>\n\n\n\n<p><em>Ayr\u0131nt\u0131l\u0131 bilgi idari \u015fartnamenin ekinde yer almaktad\u0131r.<\/em><\/p>\n\n\n\n<p><em>f) \u0130\u015fin yap\u0131laca\u011f\u0131\/mal\u0131n teslim edilece\u011fi yer: 1-Elbistan Anadolu \u0130mam Hatip Lisesi 2-Elbistan Mesleki Ve Teknik Anadolu Lisesi 3-Elbistan Demircilik \u015eehit Ali Tolga Ocak \u00c7ok Programl\u0131 Anadolu Lisesi 4-Elbistan Yavuz Selim Mesleki Ve Teknik Anadolu Lisesi 5-Elbistan \u0130mkb Gazi Mustafa Kemal Anadolu Lisesi 6-Elbistan M\u00fckrimin Halil Anadolu Lisesi 7-Elbistan Ak\u015femsettin Mesleki ve Teknik Anadolu Lisesi 8-Elbistan \u00c7pl Anadolu Lisesi 9-Elbistan Anadolu Lisesi 10-Karaelbistan Mesleki Ve Teknik Anadolu Lisesi 11- \u015eehit Abdullah Tayyip Ol\u00e7ok \u0130mam Hatip Ortaokulu 12- Elbistan Bah\u00e7eli Evler K\u0131z Anadolu \u0130mam Hatip Lisesi 13- \u015eehit Naci Soydan Mesleki ve Teknik Anadolu Lisesi\u201d&nbsp;<\/em>d\u00fczenlemesi,<\/p>\n\n\n\n<p>An\u0131lan \u015eartname\u2019nin \u201cTeklif fiyata d\u00e2hil olan giderler\u201d ba\u015fl\u0131kl\u0131 25\u2019inci maddesinde&nbsp;<em>\u201c25.1. S\u00f6zle\u015fmenin uygulanmas\u0131 s\u0131ras\u0131nda, ilgili mevzuat gere\u011fince \u00f6denecek ula\u015f\u0131m, sigorta, vergi, resim ve har\u00e7 giderleri teklif fiyat\u0131na dahildir.<\/em><\/p>\n\n\n\n<p><em>25.2. 25.1. maddesinde yer alan gider kalemlerinde art\u0131\u015f olmas\u0131 ya da benzeri yeni gider kalemlerinin olu\u015fmas\u0131 hallerinde, teklif edilen fiyat\u0131n bu t\u00fcr art\u0131\u015f ya da farklar\u0131 kar\u015f\u0131layacak pay\u0131 i\u00e7erdi\u011fi kabul edilir. Y\u00fcklenici, bu art\u0131\u015f ve farklar\u0131 ileri s\u00fcrerek herhangi bir hak talebinde bulunamaz.<\/em><\/p>\n\n\n\n<p><em>25.3. Teklif fiyata dahil olan di\u011fer giderler a\u015fa\u011f\u0131da belirtilmi\u015ftir:<\/em><\/p>\n\n\n\n<p><em>25.3.1.<\/em><\/p>\n\n\n\n<p><em>S\u00f6zle\u015fmenin uygulanmas\u0131 s\u0131ras\u0131nda, ilgili mevzuat gere\u011fince yap\u0131lacak ula\u015f\u0131m, sigorta vergi, resim ve har\u00e7 giderlerinin t\u00fcm\u00fc isteklilerce teklif edilecek fiyata d\u00e2hil edilecektir.<\/em><\/p>\n\n\n\n<p><em>Ta\u015f\u0131ma i\u015finde \u00e7al\u0131\u015ft\u0131r\u0131lacak ara\u00e7lara ili\u015fkin \u015fof\u00f6r, bak\u0131m\/onar\u0131m, ilgili kurumlardan al\u0131nacak uygunluk, g\u00fczerg\u00e2h, ruhsat, karayollar\u0131 motorlu ara\u00e7lar zorunlu mali sorumluluk sigorta poli\u00e7esi, karayolu yolcu ta\u015f\u0131mac\u0131l\u0131\u011f\u0131 zorunlu koltuk ferdi kaza sigortas\u0131 poli\u00e7esi vb. ilgili giderler teklif fiyat\u0131na d\u00e2hildir.<\/em><\/p>\n\n\n\n<p><em>25.4. S\u00f6zle\u015fme konusu i\u015fin bedelinin \u00f6denmesi a\u015famas\u0131nda do\u011facak Katma De\u011fer Vergisi (KDV), ilgili mevzuat\u0131 \u00e7er\u00e7evesinde \u0130dare taraf\u0131ndan y\u00fckleniciye ayr\u0131ca \u00f6denir.<\/em><\/p>\n\n\n\n<p><em>25.5. Bu madde bo\u015f b\u0131rak\u0131lm\u0131\u015ft\u0131r.\u201d&nbsp;<\/em>d\u00fczenlemesi,<\/p>\n\n\n\n<p><strong><\/strong>Ayn\u0131 \u015eartname\u2019nin \u201cS\u0131n\u0131r de\u011fer\u201d ba\u015fl\u0131kl\u0131 33\u2019\u00fcnc\u00fc maddesinde<strong>&nbsp;<\/strong><em>\u201c33.1. Teklifi s\u0131n\u0131r de\u011ferin alt\u0131nda kalan isteklilerden Kanunun 38 inci maddesine g\u00f6re a\u00e7\u0131klama istenecektir. Bu kapsamda; ihale komisyonu s\u0131n\u0131r de\u011ferin alt\u0131nda kalan teklifleri a\u015f\u0131r\u0131 d\u00fc\u015f\u00fck teklif olarak tespit eder ve bu teklif sahiplerinden Kurum taraf\u0131ndan belirlenen kriterlere g\u00f6re teklifte \u00f6nemli oldu\u011funu tespit etti\u011fi bile\u015fenler ile ilgili ayr\u0131nt\u0131lar\u0131 yaz\u0131l\u0131 olarak ister. \u0130hale komisyonu;<\/em><\/p>\n\n\n\n<p><em>a) Verilen hizmetin ekonomik olmas\u0131,<\/em><\/p>\n\n\n\n<p><em>b) Se\u00e7ilen teknik \u00e7\u00f6z\u00fcmler ve teklif sahibinin i\u015fin yerine getirilmesinde kullanaca\u011f\u0131 avantajl\u0131 ko\u015fullar,<\/em><\/p>\n\n\n\n<p><em>c) Teklif edilen hizmetin \u00f6zg\u00fcnl\u00fc\u011f\u00fc,<\/em><\/p>\n\n\n\n<p><em>gibi hususlarda yap\u0131lan yaz\u0131l\u0131 a\u00e7\u0131klamalar\u0131 dikkate alarak a\u015f\u0131r\u0131 d\u00fc\u015f\u00fck teklifleri de\u011ferlendirir. Bu de\u011ferlendirme sonucunda, a\u00e7\u0131klamalar\u0131 yeterli g\u00f6r\u00fclmeyen veya yaz\u0131l\u0131 a\u00e7\u0131klamada bulunmayan isteklilerin teklifi reddedilir.\u201d&nbsp;<\/em>d\u00fczenlemesi,<\/p>\n\n\n\n<p><strong><\/strong>Teknik \u015eartname\u2019nin \u201cTa\u015f\u0131mal\u0131 E\u011fitim&nbsp;Ara\u00e7lar\u0131nda Aranacak \u015eartlar\u201d ba\u015fl\u0131kl\u0131 2\u2019nci maddesinde&nbsp;<em>\u201c 2.7)&nbsp;Ta\u015f\u0131mal\u0131 e\u011fitim&nbsp;ara\u00e7lar\u0131 olarak kullan\u0131lacak ta\u015f\u0131tlar temiz, bak\u0131ml\u0131 ve g\u00fcvenli durumda bulundurulacak ve alt\u0131 ayda bir bak\u0131m ve onar\u0131mlar\u0131 yapt\u0131r\u0131lmakla birlikte, ta\u015f\u0131tlar\u0131n cinsine g\u00f6re 6\/1\/2021 tarihli ve 31356 say\u0131l\u0131 Resmi Gazete\u2019de yay\u0131mlanan Ara\u00e7 Muayene \u0130stasyonlar\u0131n\u0131n A\u00e7\u0131lmas\u0131, \u0130\u015fletilmesi ve Ara\u00e7 Muayenesi Hakk\u0131nda Y\u00f6netmeli\u011fin \u00f6ng\u00f6rd\u00fc\u011f\u00fc periyodik muayeneleri de yapt\u0131r\u0131lm\u0131\u015f olacakt\u0131r (EK-3).<\/em><\/p>\n\n\n\n<p><em>&nbsp; &nbsp; 2.8)&nbsp;Ta\u015f\u0131mal\u0131 e\u011fitim&nbsp;arac\u0131 olarak kullan\u0131lacak ta\u015f\u0131tlar 27\/10\/2017 tarihli ve 30221 say\u0131l\u0131 Resmi Gazete\u2019de yay\u0131mlanan Okul Servis Ara\u00e7lar\u0131 Y\u00f6netmeli\u011finde yer alan ya\u015f \u015fart\u0131na uygun olacaklard\u0131r. Ta\u015f\u0131tlar\u0131n ya\u015f\u0131 fabrikas\u0131nca imal edildi\u011fi tarihten sonra gelen ilk takvim y\u0131l\u0131 esas al\u0131narak hesaplanacakt\u0131r.\u201d&nbsp;<\/em>d\u00fczenlemesi,<\/p>\n\n\n\n<p>S\u00f6zle\u015fme Tasar\u0131s\u0131\u2019n\u0131n \u201c\u0130\u015fin s\u00fcresi\u201d ba\u015fl\u0131kl\u0131 9\u2019uncu maddesinde&nbsp;<em>\u201c9.1. \u0130\u015fe ba\u015flama tarihi 06.09.2021; i\u015fi bitirme tarihi 17.06.2022<\/em><\/p>\n\n\n\n<p><em>9.2. Bu s\u00f6zle\u015fmenin uygulanmas\u0131nda s\u00fcrelerin hesab\u0131 takvim g\u00fcn\u00fc esas\u0131na g\u00f6re yap\u0131lm\u0131\u015ft\u0131r. \u201c&nbsp;<\/em>d\u00fczenlemesi bulunmaktad\u0131r. &nbsp;<\/p>\n\n\n\n<p><strong><\/strong>\u0130lgili h\u00fck\u00fcm ve d\u00fczenlemelerden, ihale konusu i\u015f kapsam\u0131nda kullan\u0131lacak ara\u00e7lar\u0131n 12 ya\u015f\u0131ndan k\u00fc\u00e7\u00fck olmas\u0131n\u0131n gerekti\u011fi ve ilgili ara\u00e7lar\u0131n 6 ayda bir bak\u0131m-onar\u0131mdan ge\u00e7ece\u011fi ve i\u015fin s\u00fcresinin 06.09.2021 ile 17.06.2022 tarihleri aras\u0131nda belirlendi\u011fi anla\u015f\u0131lm\u0131\u015ft\u0131r.<\/p>\n\n\n\n<p><strong><\/strong>\u0130darece ihale dok\u00fcman\u0131 kapsam\u0131nda haz\u0131rlanan tablodan ihale konusu i\u015f kapsam\u0131nda 99 ara\u00e7 \u00e7al\u0131\u015ft\u0131r\u0131laca\u011f\u0131 anla\u015f\u0131lm\u0131\u015ft\u0131r.<\/p>\n\n\n\n<p><strong><\/strong>\u0130darece teklifi s\u0131n\u0131r de\u011ferin alt\u0131nda oldu\u011fu de\u011ferlendirilen isteklilerden 02.09.2021 &nbsp;tarihli ve&nbsp;<em>\u201cBu nedenle; Komisyonumuz a\u015fa\u011f\u0131da belirtilen hususlar\u0131 4734 say\u0131l\u0131 Kamu \u0130hale Kanunu\u2019nun 38\u2019inci maddesine g\u00f6re sorgulama kriteri olarak belirlemi\u015ftir.<\/em><\/p>\n\n\n\n<p><strong><em><\/em><\/strong><em>1- Ara\u00e7lara ait yak\u0131t t\u00fcketimi ilgili servisten al\u0131nacak.<\/em><\/p>\n\n\n\n<p><em>2- \u00d6\u011frenci ta\u015f\u0131yacak ara\u00e7lar\u0131n Sigorta MTV vergisi al\u0131nacak.<\/em><\/p>\n\n\n\n<p><em>3- Ara\u00e7larda \u00e7al\u0131\u015facak \u015fof\u00f6rlere ait maa\u015f ve sosyal g\u00fcvenlik pirim giderleri.<\/em><\/p>\n\n\n\n<p><strong><em><\/em><\/strong><em>4- Ara\u00e7lara ait bak\u0131m onar\u0131m, ak\u00fc, lastik vb. amortisman giderleri ilgili servisten al\u0131nacak.<\/em><\/p>\n\n\n\n<p><em>5- Kiralanacak ara\u00e7lar i\u00e7in s\u00f6zle\u015fme bedelleri.<\/em><\/p>\n\n\n\n<p><em>6- Ta\u015f\u0131ma i\u015finde \u00e7al\u0131\u015facak ara\u00e7lar\u0131n ara\u00e7 tescil belgesi (ruhsat) as\u0131llar\u0131 ve fotokopileri ile birlikte idaremize sunulacakt\u0131r.\u201d&nbsp;<\/em>ifadelerini i\u00e7eren yaz\u0131yla a\u015f\u0131r\u0131 d\u00fc\u015f\u00fck teklif a\u00e7\u0131klamas\u0131 istenildi\u011fi anla\u015f\u0131lm\u0131\u015ft\u0131r.<\/p>\n\n\n\n<p>\u0130hale \u00fczerinde kalan Basutlar \u0130n\u015f. Tem. Hay. Pet. Ta\u015f. San. Tic. Ltd. \u015eti. taraf\u0131ndan sunulan &nbsp;a\u00e7\u0131klamalar\u0131n idarece ge\u00e7erli kabul edildi\u011fi anla\u015f\u0131lm\u0131\u015ft\u0131r.<\/p>\n\n\n\n<p><strong><\/strong>Buna g\u00f6re yap\u0131lan incelemede, an\u0131lan istekli taraf\u0131ndan a\u015f\u0131r\u0131 d\u00fc\u015f\u00fck teklif a\u00e7\u0131klamas\u0131 kapsam\u0131nda ihale konusu i\u015fte kullanaca\u011f\u0131n\u0131 beyan etti\u011fi ara\u00e7lara ili\u015fkin fiyat teklif ald\u0131\u011f\u0131, kiralama teklifi al\u0131nan ara\u00e7lar\u0131n koltuk ta\u015f\u0131ma kapasitelerinin \u201c29+1\u201d oldu\u011funun g\u00f6r\u00fcld\u00fc\u011f\u00fc, &nbsp;idarece &nbsp;ihale konusu i\u015f kapsam\u0131nda kullan\u0131lacak ara\u00e7lar i\u00e7in belirlenen en y\u00fcksek koltuk kapasitesinin \u201c27\u201d oldu\u011fu, bu haliyle an\u0131lan istekli taraf\u0131ndan fiyat teklifi al\u0131nan ara\u00e7lar\u0131n ta\u015f\u0131ma kapasitesinin idarece belirlenenden d\u00fc\u015f\u00fck olmad\u0131\u011f\u0131, ayr\u0131ca ilgili ara\u00e7lar\u0131n model y\u0131l\u0131n\u0131n &nbsp;\u201c2021\u201d oldu\u011fu, bu do\u011frultuda s\u00f6z konusu ara\u00e7lar\u0131n idarece model y\u0131l\u0131na ili\u015fkin belirlenen \u015fartlar\u0131 sa\u011flad\u0131\u011f\u0131, fiyat teklifinde yer alan kiralama s\u00fcresiyle i\u015fin s\u00fcresinin uyumlu oldu\u011fu, fiyat teklifinin tek ara\u00e7 i\u00e7in de\u011fil ihale konusu i\u015f kapsam\u0131nda kullan\u0131lacak 99 ara\u00e7 i\u00e7in al\u0131nd\u0131\u011f\u0131, fiyat teklifi al\u0131nan ara\u00e7lara ili\u015fkin di\u011fer maliyetleri tevsik etmek i\u00e7in al\u0131nan fiyat tekliflerinde &nbsp;yer alan ara\u00e7lar\u0131n marka ve modellerinin ayn\u0131 oldu\u011fu g\u00f6r\u00fclm\u00fc\u015ft\u00fcr.<\/p>\n\n\n\n<p>A\u015f\u0131r\u0131 d\u00fc\u015f\u00fck teklif a\u00e7\u0131klamas\u0131nda ihale konusu i\u015f kapsam\u0131nda kullan\u0131laca\u011f\u0131 belirtilen ve bak\u0131m-onar\u0131m\u0131 yap\u0131lacak ara\u00e7lar\u0131n farkl\u0131 olmad\u0131\u011f\u0131, a\u015f\u0131r\u0131 d\u00fc\u015f\u00fck teklif sorgulama yaz\u0131s\u0131nda ihale konusu i\u015f kapsam\u0131nda kullan\u0131lacak ara\u00e7lar\u0131n periyodik bak\u0131m-onar\u0131m aral\u0131\u011f\u0131n\u0131 tevsik eden bir belgenin sunulmas\u0131n\u0131n istenilmedi\u011fi, bak\u0131m-onar\u0131m maliyetlerinin idarece belirlenen ara\u00e7 say\u0131s\u0131yla a\u00e7\u0131kland\u0131\u011f\u0131 g\u00f6r\u00fclm\u00fc\u015ft\u00fcr.<\/p>\n\n\n\n<p><strong><\/strong>A\u015f\u0131r\u0131 d\u00fc\u015f\u00fck teklif a\u00e7\u0131klamas\u0131nda, ihale konusu i\u015f kapsam\u0131nda kullan\u0131laca\u011f\u0131 belirtilen \u201cTemsa Prestij SX E6\u201d model arac\u0131n lastik ebat ve say\u0131s\u0131yla &nbsp;fiyat teklifi al\u0131nan lastiklerin ebat ve say\u0131lar\u0131n\u0131n ayn\u0131 oldu\u011fu, 6 adet yazl\u0131k ve 6 adet k\u0131\u015fl\u0131k lastik \u00fczerinden 99 ara\u00e7 i\u00e7in fiyat teklifi al\u0131nd\u0131\u011f\u0131 ve fiyat teklifinde yer alan bedelle ta\u015f\u0131ma mesafesinin oranlanarak a\u00e7\u0131klama yap\u0131lmad\u0131\u011f\u0131 g\u00f6r\u00fclm\u00fc\u015ft\u00fcr.<\/p>\n\n\n\n<p><strong><\/strong>A\u015f\u0131r\u0131 d\u00fc\u015f\u00fck teklif a\u00e7\u0131klamas\u0131nda, ihale konusu i\u015f kapsam\u0131nda kullan\u0131lacak ara\u00e7lara ili\u015fkin ak\u00fc maliyetinin 99 adet araca ili\u015fkin belirlendi\u011fi, s\u00f6z konusu say\u0131n\u0131n idarece belirlenen ara\u00e7 say\u0131s\u0131yla ayn\u0131 oldu\u011fu g\u00f6r\u00fclm\u00fc\u015ft\u00fcr.<\/p>\n\n\n\n<p><strong><\/strong>Ara\u00e7lara ili\u015fkin al\u0131nan sigorta teklifinin kamu ihale mevzuat\u0131nca gerekli \u015fartlar\u0131 haiz oldu\u011fu, teklifte yer alan poli\u00e7e vadesinin i\u015fin s\u00fcresiyle uyumlu oldu\u011fu ve sigorta teklifi al\u0131nan ara\u00e7larla, ihale konusu i\u015f kapsam\u0131nda kullan\u0131lmak maksad\u0131yla fiyat teklifi al\u0131nan ara\u00e7lar\u0131n ayn\u0131 marka ve model ara\u00e7lar oldu\u011fu g\u00f6r\u00fclm\u00fc\u015ft\u00fcr.<\/p>\n\n\n\n<p><strong><\/strong>Sunulan a\u015f\u0131r\u0131 d\u00fc\u015f\u00fck teklif a\u00e7\u0131klamas\u0131nda MTV, muayene ve egzoz emisyon maliyeti i\u00e7in yap\u0131lan hesaplamalarda 2022 y\u0131l\u0131na ili\u015fkin art\u0131\u015f \u00f6ng\u00f6r\u00fcld\u00fc\u011f\u00fc ve hesaplamalar\u0131n ihale konusu i\u015f kapsam\u0131nda kullan\u0131lmas\u0131 gereken 99 arac\u0131n tamam\u0131 i\u00e7in yap\u0131ld\u0131\u011f\u0131 g\u00f6r\u00fclm\u00fc\u015ft\u00fcr.<\/p>\n\n\n\n<p><strong><\/strong>Sunulan a\u015f\u0131r\u0131 d\u00fc\u015f\u00fck teklif a\u00e7\u0131klamas\u0131nda 2022 y\u0131l\u0131na ili\u015fkin i\u015f\u00e7ilik maliyeti i\u00e7in art\u0131\u015f \u00f6ng\u00f6r\u00fcld\u00fc\u011f\u00fc g\u00f6r\u00fclm\u00fc\u015ft\u00fcr.<\/p>\n\n\n\n<p><strong><\/strong>An\u0131lan istekli taraf\u0131ndan sunulan a\u015f\u0131r\u0131 d\u00fc\u015f\u00fck teklif a\u00e7\u0131klamas\u0131 kapsam\u0131nda kullan\u0131lacak ara\u00e7lara ili\u015fkin akaryak\u0131t sarfiyat\u0131n\u0131 tevsik eden yetkili servislerden al\u0131nm\u0131\u015f bir belgenin ve s\u00f6z konusu servisin yetkili oldu\u011funu tevsik eden belgenin sunuldu\u011fu, hesaplamalarda kullan\u0131lan mesafelerin idarece belirlenen mesafelerle ayn\u0131 oldu\u011fu, akaryak\u0131ta ili\u015fkin birim fiyat\u0131n EPDK taraf\u0131ndan yay\u0131mlanan rapor esas al\u0131narak &nbsp;belirlendi\u011fi g\u00f6r\u00fclm\u00fc\u015ft\u00fcr.<\/p>\n\n\n\n<p><strong><\/strong>A\u015f\u0131r\u0131 d\u00fc\u015f\u00fck teklif a\u00e7\u0131klamas\u0131 kapsam\u0131nda sunulan fiyat teklifleri incelendi\u011finde s\u00f6z konusu fiyat tekliflerinin kamu ihale mevzuat\u0131nca ta\u015f\u0131mas\u0131 gereken ibareyi i\u00e7erdi\u011fi ve yetkili SMMM taraf\u0131ndan d\u00fczenlendi\u011fi g\u00f6r\u00fclm\u00fc\u015ft\u00fcr.<\/p>\n\n\n\n<p><strong><\/strong>Bununla birlikte Kamu \u0130hale Genel Tebli\u011fi\u2019nin 45.1.13.1\u2019inci maddesi uyar\u0131nca fiyat teklifi ile a\u00e7\u0131klama yap\u0131lmas\u0131 durumunda fiyat teklifi ile birlikte Tebli\u011f\u2019de belirlenen standart formlara uygun olarak haz\u0131rlanm\u0131\u015f ilgili tespit tutana\u011f\u0131n\u0131n sunulmas\u0131 gerekti\u011fi, an\u0131lan standart form i\u00e7erisinde yer alan fatura bilgileri tablosunda yer alan \u201cFaturay\u0131 d\u00fczenleyenin veya al\u0131c\u0131n\u0131n ad\u0131 ve soyad\u0131\/Ticaret \u00fcnvan\u0131 TC\/ Vergi Kimlik Nosu\u201d ba\u015fl\u0131kl\u0131 s\u00fctuna ait dipnot i\u00e7eri\u011finde \u201c<em>Bu s\u00fctunda, faturan\u0131n m\u00fckellef taraf\u0131ndan d\u00fczenlendi\u011fi durumlarda \u201cal\u0131c\u0131\u201d bilgilerine; m\u00fckellef taraf\u0131ndan d\u00fczenlenmedi\u011fi durumlarda ise \u201cfaturay\u0131 d\u00fczenleyen\u201d bilgilerine yer verilecektir.\u201d&nbsp;<\/em>a\u00e7\u0131klamas\u0131n\u0131n yer ald\u0131\u011f\u0131, s\u00f6z konusu a\u00e7\u0131klama uyar\u0131nca tabloda belirtilen faturalar\u0131n, istekliye fiyat teklifi veren firma veya di\u011fer bir deyi\u015fle faturalar\u0131n meslek mensubu taraf\u0131ndan hakk\u0131nda tespit tutana\u011f\u0131 d\u00fczenlenen m\u00fckellef taraf\u0131ndan d\u00fczenlenmi\u015f olmas\u0131 halinde belirtilen s\u00fctunda al\u0131c\u0131 bilgilerine yer verilmesi gerekti\u011fi, ancak a\u015f\u0131r\u0131 d\u00fc\u015f\u00fck teklif a\u00e7\u0131klamas\u0131 kapsam\u0131nda sunulan fiyat tekliflerine ili\u015fkin fatura bilgileri tablolar\u0131n\u0131n ilgili s\u00fctununda, \u201cal\u0131c\u0131\u201d bilgilerine yer verilmesi gerekirken, yine faturalar\u0131 d\u00fczenleyen m\u00fckellefin bilgilerine yer verildi\u011fi, bu sebeple d\u00fczenlenmi\u015f olan tutanaklar\u0131n \u015feklen Tebli\u011f\u2019in ilgili maddesi ve ekinde yer alan standart forma uygun olmad\u0131\u011f\u0131 anla\u015f\u0131lm\u0131\u015f olup ara\u00e7 kiralama, lastik ve bak\u0131m-onar\u0131m maliyetlerine ili\u015fkin a\u00e7\u0131klamalar\u0131n bu y\u00f6n\u00fcyle uygun olmad\u0131\u011f\u0131 sonucuna ula\u015f\u0131lm\u0131\u015ft\u0131r.<\/p>\n\n\n\n<p><strong><\/strong>Ayr\u0131ca, fiyat tekliflerine dayanak te\u015fkil eden tespit tutanaklar\u0131na ili\u015fkin standart formlarda s\u00f6z konusu tutanaklar\u0131n Yevmiye\/\u0130\u015fletme Defteri ve Envanter Defteri \u00fczerinden d\u00fczenlenece\u011fi h\u00fck\u00fcm alt\u0131na al\u0131nm\u0131\u015ft\u0131r. Bu do\u011frultuda yap\u0131lan incelemede, a\u015f\u0131r\u0131 d\u00fc\u015f\u00fck teklif a\u00e7\u0131klamas\u0131 kapsam\u0131nda \u201clastik\u201d ve \u201cbak\u0131m-onar\u0131m\u201d &nbsp;i\u00e7in al\u0131nan fiyat tekliflerinin ekinde yer alan tutanaklarda yasal defterlerin tasdik bilgilerine yer verilmedi\u011fi g\u00f6r\u00fclm\u00fc\u015f, dolay\u0131s\u0131yla gerekli bilgileri i\u00e7ermeyen bu tutanaklar\u0131n dayanak te\u015fkil etti\u011fi fiyat tekliflerinin ge\u00e7erli olamayaca\u011f\u0131 anla\u015f\u0131lm\u0131\u015f, s\u00f6z konusu a\u015f\u0131r\u0131 d\u00fc\u015f\u00fck teklif a\u00e7\u0131klamalar\u0131n\u0131n bu y\u00f6n\u00fcyle de uygun olmad\u0131\u011f\u0131 anla\u015f\u0131lm\u0131\u015ft\u0131r.<\/p>\n\n\n\n<p>Yukar\u0131da yer verilen gerek\u00e7eler do\u011frultusunda ba\u015fvuru sahibi isteklinin iddias\u0131 yerinde bulunmu\u015ftur.<a><\/a><\/p>\n\n\n\n<p>Sonu\u00e7 olarak, yukar\u0131da mevzuata ayk\u0131r\u0131l\u0131klar\u0131 belirtilen i\u015flemlerin d\u00fczeltici i\u015flemle giderilebilecek nitelikte i\u015flemler oldu\u011fu tespit edildi\u011finden, Basutlar \u0130n\u015f. Tem. Hay. Pet. Ta\u015f. San. Tic. Ltd. \u015eti.nin ihalenin 1\u2019inci ve 3\u2019\u00fcnc\u00fc k\u0131sma ili\u015fkin teklifinin de\u011ferlendirme d\u0131\u015f\u0131 b\u0131rak\u0131lmas\u0131 ve bu a\u015famadan sonraki i\u015flemlerin mevzuata uygun olarak yeniden ger\u00e7ekle\u015ftirilmesi gerekmektedir.<\/p>\n\n\n\n<p>A\u00e7\u0131klanan nedenlerle, 4734 say\u0131l\u0131 Kanun&#8217;un 65&#8217;inci maddesi uyar\u0131nca bu karar\u0131n tebli\u011f edildi\u011fi veya tebli\u011f edilmi\u015f say\u0131ld\u0131\u011f\u0131 tarihi izleyen 30 g\u00fcn i\u00e7erisinde Ankara \u0130dare Mahkemelerinde dava yolu a\u00e7\u0131k olmak \u00fczere,<\/p>\n\n\n\n<p>An\u0131lan Kanun&#8217;un 54&#8217;\u00fcnc\u00fc maddesinin onbirinci f\u0131kras\u0131n\u0131n (b) bendi gere\u011fince d\u00fczeltici i\u015flem belirlenmesine,<\/p>\n\n\n\n<p><br>\u00a0\u00a0\u00a0Oybirli\u011fi ile karar verildi.<\/p>\n\n\n\n<figure class=\"wp-block-table\"><table><tbody><tr><td><strong>KAMU \u0130HALE KURULU KARARI<\/strong><\/td><\/tr><\/tbody><\/table><\/figure>\n\n\n\n<figure class=\"wp-block-image size-large\"><img loading=\"lazy\" width=\"943\" height=\"676\" src=\"https:\/\/tasimaliegitim.com\/blog\/wp-content\/uploads\/2021\/11\/image.png\" alt=\"\" class=\"wp-image-528\" srcset=\"https:\/\/tasimaliegitim.com\/blog\/wp-content\/uploads\/2021\/11\/image.png 943w, https:\/\/tasimaliegitim.com\/blog\/wp-content\/uploads\/2021\/11\/image-300x215.png 300w, https:\/\/tasimaliegitim.com\/blog\/wp-content\/uploads\/2021\/11\/image-768x551.png 768w, https:\/\/tasimaliegitim.com\/blog\/wp-content\/uploads\/2021\/11\/image-850x609.png 850w\" sizes=\"(max-width: 943px) 100vw, 943px\" \/><\/figure>\n\n\n\n<figure class=\"wp-block-table\"><table><tbody><tr><td><strong>Toplant\u0131 No<\/strong>:&nbsp;2021\/043<strong>G\u00fcndem No<\/strong>:&nbsp;51<strong>Karar Tarihi<\/strong>:&nbsp;20.10.2021<strong>Karar No<\/strong>:&nbsp;2021\/UH.I-1939<\/td><\/tr><\/tbody><\/table><\/figure>\n","protected":false},"excerpt":{"rendered":"<p>A\u015f\u0131r\u0131 d\u00fc\u015f\u00fck teklif ac\u0131klamas\u0131 istenen ve sonras\u0131nda verilen mahkeme karar\u0131 BA\u015eVURU SAH\u0130B\u0130: B\u00f6lkar Tar. ve Hay. G\u0131d. Ta\u015f. \u0130n\u015f. Oto. San. ve Tic. Ltd. \u015eti. &#8211; Kubilay Ta\u015f. \u0130n\u015f. Tem. G\u0131da Hay. Tic. San. Ltd. \u015eti. &nbsp;\u0130\u015f Ortakl\u0131\u011f\u0131, \u0130HALEY\u0130 YAPAN \u0130DARE: Elbistan \u0130l\u00e7e Milli E\u011fitim M\u00fcd\u00fcrl\u00fc\u011f\u00fc, BA\u015eVURUYA KONU \u0130HALE: 2021\/418519&nbsp;\u0130hale Kay\u0131t Numaral\u0131 \u201c2021-2022 E\u011fitim \u00d6\u011fretim&#8230;<\/p>\n","protected":false},"author":2,"featured_media":528,"comment_status":"open","ping_status":"closed","sticky":false,"template":"","format":"standard","meta":{"amp_status":""},"categories":[85],"tags":[],"yoast_head":"<!-- This site is optimized with the Yoast SEO plugin v14.4.1 - https:\/\/yoast.com\/wordpress\/plugins\/seo\/ -->\n<title>A\u015f\u0131r\u0131 d\u00fc\u015f\u00fck teklif a\u00e7\u0131klamas\u0131 KiK karar\u0131 | Ta\u015f\u0131mal\u0131 E\u011fitim Blog<\/title>\n<meta name=\"robots\" content=\"index, follow\" \/>\n<meta name=\"googlebot\" content=\"index, follow, max-snippet:-1, max-image-preview:large, max-video-preview:-1\" \/>\n<meta name=\"bingbot\" content=\"index, follow, max-snippet:-1, max-image-preview:large, max-video-preview:-1\" \/>\n<link rel=\"canonical\" href=\"https:\/\/tasimaliegitim.com\/blog\/asiri-dusuk-teklif-aciklamasi-kik-karari\/\" \/>\n<meta property=\"og:locale\" content=\"tr_TR\" \/>\n<meta property=\"og:type\" content=\"article\" \/>\n<meta property=\"og:title\" content=\"A\u015f\u0131r\u0131 d\u00fc\u015f\u00fck teklif a\u00e7\u0131klamas\u0131 KiK karar\u0131 | Ta\u015f\u0131mal\u0131 E\u011fitim Blog\" \/>\n<meta property=\"og:description\" content=\"A\u015f\u0131r\u0131 d\u00fc\u015f\u00fck teklif ac\u0131klamas\u0131 istenen ve sonras\u0131nda verilen mahkeme karar\u0131 BA\u015eVURU SAH\u0130B\u0130: B\u00f6lkar Tar. ve Hay. G\u0131d. Ta\u015f. \u0130n\u015f. Oto. San. ve Tic. Ltd. \u015eti. &#8211; Kubilay Ta\u015f. \u0130n\u015f. Tem. G\u0131da Hay. Tic. San. Ltd. \u015eti. &nbsp;\u0130\u015f Ortakl\u0131\u011f\u0131, \u0130HALEY\u0130 YAPAN \u0130DARE: Elbistan \u0130l\u00e7e Milli E\u011fitim M\u00fcd\u00fcrl\u00fc\u011f\u00fc, BA\u015eVURUYA KONU \u0130HALE: 2021\/418519&nbsp;\u0130hale Kay\u0131t Numaral\u0131 \u201c2021-2022 E\u011fitim \u00d6\u011fretim...\" \/>\n<meta property=\"og:url\" content=\"https:\/\/tasimaliegitim.com\/blog\/asiri-dusuk-teklif-aciklamasi-kik-karari\/\" \/>\n<meta property=\"og:site_name\" content=\"Ta\u015f\u0131mal\u0131 E\u011fitim Blog\" \/>\n<meta property=\"article:published_time\" content=\"2021-11-04T10:43:20+00:00\" \/>\n<meta property=\"article:modified_time\" content=\"2021-11-04T10:43:22+00:00\" \/>\n<meta property=\"og:image\" content=\"https:\/\/tasimaliegitim.com\/blog\/wp-content\/uploads\/2021\/11\/image.png\" \/>\n\t<meta property=\"og:image:width\" content=\"943\" \/>\n\t<meta property=\"og:image:height\" content=\"676\" \/>\n<meta name=\"twitter:card\" content=\"summary_large_image\" \/>\n<script type=\"application\/ld+json\" class=\"yoast-schema-graph\">{\"@context\":\"https:\/\/schema.org\",\"@graph\":[{\"@type\":\"Organization\",\"@id\":\"https:\/\/tasimaliegitim.com\/blog\/#organization\",\"name\":\"ta\\u015f\\u0131mal\\u0131 e\\u011fitim\",\"url\":\"https:\/\/tasimaliegitim.com\/blog\/\",\"sameAs\":[],\"logo\":{\"@type\":\"ImageObject\",\"@id\":\"https:\/\/tasimaliegitim.com\/blog\/#logo\",\"inLanguage\":\"tr\",\"url\":\"https:\/\/tasimaliegitim.com\/blog\/wp-content\/uploads\/2019\/09\/logo-3.png\",\"width\":216,\"height\":57,\"caption\":\"ta\\u015f\\u0131mal\\u0131 e\\u011fitim\"},\"image\":{\"@id\":\"https:\/\/tasimaliegitim.com\/blog\/#logo\"}},{\"@type\":\"WebSite\",\"@id\":\"https:\/\/tasimaliegitim.com\/blog\/#website\",\"url\":\"https:\/\/tasimaliegitim.com\/blog\/\",\"name\":\"Ta\\u015f\\u0131mal\\u0131 E\\u011fitim Blog\",\"description\":\"\",\"publisher\":{\"@id\":\"https:\/\/tasimaliegitim.com\/blog\/#organization\"},\"potentialAction\":[{\"@type\":\"SearchAction\",\"target\":\"https:\/\/tasimaliegitim.com\/blog\/?s={search_term_string}\",\"query-input\":\"required name=search_term_string\"}],\"inLanguage\":\"tr\"},{\"@type\":\"ImageObject\",\"@id\":\"https:\/\/tasimaliegitim.com\/blog\/asiri-dusuk-teklif-aciklamasi-kik-karari\/#primaryimage\",\"inLanguage\":\"tr\",\"url\":\"https:\/\/tasimaliegitim.com\/blog\/wp-content\/uploads\/2021\/11\/image.png\",\"width\":943,\"height\":676},{\"@type\":\"WebPage\",\"@id\":\"https:\/\/tasimaliegitim.com\/blog\/asiri-dusuk-teklif-aciklamasi-kik-karari\/#webpage\",\"url\":\"https:\/\/tasimaliegitim.com\/blog\/asiri-dusuk-teklif-aciklamasi-kik-karari\/\",\"name\":\"A\\u015f\\u0131r\\u0131 d\\u00fc\\u015f\\u00fck teklif a\\u00e7\\u0131klamas\\u0131 KiK karar\\u0131 | Ta\\u015f\\u0131mal\\u0131 E\\u011fitim Blog\",\"isPartOf\":{\"@id\":\"https:\/\/tasimaliegitim.com\/blog\/#website\"},\"primaryImageOfPage\":{\"@id\":\"https:\/\/tasimaliegitim.com\/blog\/asiri-dusuk-teklif-aciklamasi-kik-karari\/#primaryimage\"},\"datePublished\":\"2021-11-04T10:43:20+00:00\",\"dateModified\":\"2021-11-04T10:43:22+00:00\",\"inLanguage\":\"tr\",\"potentialAction\":[{\"@type\":\"ReadAction\",\"target\":[\"https:\/\/tasimaliegitim.com\/blog\/asiri-dusuk-teklif-aciklamasi-kik-karari\/\"]}]},{\"@type\":\"Article\",\"@id\":\"https:\/\/tasimaliegitim.com\/blog\/asiri-dusuk-teklif-aciklamasi-kik-karari\/#article\",\"isPartOf\":{\"@id\":\"https:\/\/tasimaliegitim.com\/blog\/asiri-dusuk-teklif-aciklamasi-kik-karari\/#webpage\"},\"author\":{\"@id\":\"https:\/\/tasimaliegitim.com\/blog\/#\/schema\/person\/f0b2a53e96774623e2ea0973366f418e\"},\"headline\":\"A\\u015f\\u0131r\\u0131 d\\u00fc\\u015f\\u00fck teklif a\\u00e7\\u0131klamas\\u0131 KiK karar\\u0131\",\"datePublished\":\"2021-11-04T10:43:20+00:00\",\"dateModified\":\"2021-11-04T10:43:22+00:00\",\"commentCount\":0,\"mainEntityOfPage\":{\"@id\":\"https:\/\/tasimaliegitim.com\/blog\/asiri-dusuk-teklif-aciklamasi-kik-karari\/#webpage\"},\"publisher\":{\"@id\":\"https:\/\/tasimaliegitim.com\/blog\/#organization\"},\"image\":{\"@id\":\"https:\/\/tasimaliegitim.com\/blog\/asiri-dusuk-teklif-aciklamasi-kik-karari\/#primaryimage\"},\"articleSection\":\"K\\u0130K ihale kararlar\\u0131\",\"inLanguage\":\"tr\",\"potentialAction\":[{\"@type\":\"CommentAction\",\"name\":\"Comment\",\"target\":[\"https:\/\/tasimaliegitim.com\/blog\/asiri-dusuk-teklif-aciklamasi-kik-karari\/#respond\"]}]},{\"@type\":[\"Person\"],\"@id\":\"https:\/\/tasimaliegitim.com\/blog\/#\/schema\/person\/f0b2a53e96774623e2ea0973366f418e\",\"name\":\"admin\",\"image\":{\"@type\":\"ImageObject\",\"@id\":\"https:\/\/tasimaliegitim.com\/blog\/#personlogo\",\"inLanguage\":\"tr\",\"url\":\"https:\/\/secure.gravatar.com\/avatar\/62c6fac32707fef1d9475f723d0ef0cb?s=96&d=mm&r=g\",\"caption\":\"admin\"}}]}<\/script>\n<!-- \/ Yoast SEO plugin. -->","_links":{"self":[{"href":"https:\/\/tasimaliegitim.com\/blog\/wp-json\/wp\/v2\/posts\/527"}],"collection":[{"href":"https:\/\/tasimaliegitim.com\/blog\/wp-json\/wp\/v2\/posts"}],"about":[{"href":"https:\/\/tasimaliegitim.com\/blog\/wp-json\/wp\/v2\/types\/post"}],"author":[{"embeddable":true,"href":"https:\/\/tasimaliegitim.com\/blog\/wp-json\/wp\/v2\/users\/2"}],"replies":[{"embeddable":true,"href":"https:\/\/tasimaliegitim.com\/blog\/wp-json\/wp\/v2\/comments?post=527"}],"version-history":[{"count":1,"href":"https:\/\/tasimaliegitim.com\/blog\/wp-json\/wp\/v2\/posts\/527\/revisions"}],"predecessor-version":[{"id":529,"href":"https:\/\/tasimaliegitim.com\/blog\/wp-json\/wp\/v2\/posts\/527\/revisions\/529"}],"wp:featuredmedia":[{"embeddable":true,"href":"https:\/\/tasimaliegitim.com\/blog\/wp-json\/wp\/v2\/media\/528"}],"wp:attachment":[{"href":"https:\/\/tasimaliegitim.com\/blog\/wp-json\/wp\/v2\/media?parent=527"}],"wp:term":[{"taxonomy":"category","embeddable":true,"href":"https:\/\/tasimaliegitim.com\/blog\/wp-json\/wp\/v2\/categories?post=527"},{"taxonomy":"post_tag","embeddable":true,"href":"https:\/\/tasimaliegitim.com\/blog\/wp-json\/wp\/v2\/tags?post=527"}],"curies":[{"name":"wp","href":"https:\/\/api.w.org\/{rel}","templated":true}]}}