{"id":465,"date":"2021-01-18T10:34:42","date_gmt":"2021-01-18T10:34:42","guid":{"rendered":"https:\/\/tasimaliegitim.com\/blog\/?p=465"},"modified":"2021-01-18T10:34:43","modified_gmt":"2021-01-18T10:34:43","slug":"tasimali-egitim-ne-icin-ne-zaman-basladi","status":"publish","type":"post","link":"https:\/\/tasimaliegitim.com\/blog\/tasimali-egitim-ne-icin-ne-zaman-basladi\/","title":{"rendered":"Ta\u015f\u0131mal\u0131 E\u011fitim ne i\u00e7in ne zaman ba\u015flad\u0131"},"content":{"rendered":"\n<p>Ta\u015f\u0131mal\u0131 E\u011fitim nufusu az olan ve yerle\u015fim olarak birbirinden ayr\u0131k ve uzak yerlerdeki \u00f6\u011frencilerin merkezdeki okullara ta\u015f\u0131nmas\u0131yla olu\u015fan bir sistemdir.<\/p>\n\n\n\n<p>ta\u015f\u0131mal\u0131 e\u011fitim ilk 1989 y\u0131l\u0131nda uygulamaya ba\u015flanm\u0131\u015ft\u0131r. pilot olarak iki il se\u00e7ilmi\u015f K\u0131r\u0131kkale ve kocaeli&#8217;nin baz\u0131 il\u00e7elerinde ikinci d\u00f6nem olarak ba\u015flam\u0131\u015ft\u0131r.<\/p>\n\n\n\n<p>Milli E\u011fitim bakanl\u0131\u011f\u0131 bu hizmetten verim al\u0131nca 1991 y\u0131l\u0131 e\u011fitim \u00f6\u011fretim y\u0131l\u0131nda ta\u015f\u0131mal\u0131 e\u011fitim sistemini tam anlam\u0131yla uygulamaya ba\u015flad\u0131.<\/p>\n\n\n\n<h2 class=\"wp-block-heading\">Ta\u015f\u0131mal\u0131 E\u011fitim i\u00e7in \u015eartlar nelerdir.<\/h2>\n\n\n\n<p>Ta\u015f\u0131mal\u0131 e\u011fitim uygulanacak yerle\u015fim yerlerinde baz\u0131 \u015fartlar\u0131n meydana gelmesi ile oradaki e\u011fitim \u00f6\u011fretim ta\u015f\u0131ma yoluyla yap\u0131lmas\u0131na karar verilir.<\/p>\n\n\n\n<p>bunlardan 1.si Nufusun az olmas\u0131 da\u011f\u0131n\u0131k olmas\u0131 ve okul yap\u0131lmas\u0131 i\u00e7in uygun yerin olmamas\u0131 ilk etkendir.<\/p>\n\n\n\n<p>2. olarak \u00f6\u011frenci \u00f6rne\u011fin anadolu lisesini kazand\u0131 ama bulundu\u011fu b\u00f6lgede bu okulun bulunmamas\u0131 ta\u015f\u0131ma yoluyla e\u011fitime devam etmesini gerektirir<\/p>\n\n\n\n<p>3.Deprem gibi do\u011fal afetler ta\u015f\u0131mal\u0131 e\u011fitimi gerektirebilir. okulun zarar g\u00f6rmesi yada y\u0131k\u0131lmas\u0131 farkl\u0131 bir b\u00f6lgede ki okula ta\u015f\u0131nabilir.<\/p>\n\n\n\n<p>4.Yerle\u015fim yerinin yap\u0131lacak ta\u015f\u0131man\u0131n 2 km nin alt\u0131nda olmamas\u0131 gereklidir. veya 2 km den uzak olmas\u0131 gereklidir.<\/p>\n\n\n\n<p>bu kapsamda \u00f6\u011frencilerin e\u011fitimi noktas\u0131nda devlet iyi bir seferberlik \u00f6rne\u011fi g\u00f6stermi\u015f e\u011fitimsiz \u00f6\u011frenci kalmas\u0131n diyerek bir ki\u015fi dahi olsa o \u00f6\u011frencinin e\u011fitim almas\u0131 i\u00e7in karar alm\u0131\u015ft\u0131r.<\/p>\n\n\n\n<p>2012 y\u0131l\u0131nda 4+4+4 sistemi ile bu s\u0131n\u0131r daha da geni\u015fletilmi\u015f milyonlarca \u00f6\u011frencinin sisteme dahil olmas\u0131 sa\u011flanm\u0131\u015ft\u0131r. lise alt\u0131 i\u00e7in t\u00fcm \u00f6\u011frenciler kapsam i\u00e7ine al\u0131nm\u0131\u015ft\u0131r.<\/p>\n\n\n\n<p>E\u011fitim \u00f6\u011fretim y\u0131l\u0131ndan \u00f6nce devlet paras\u0131z yat\u0131l\u0131da okuyan \u00f6\u011frenciler i\u00e7in sonraki y\u0131llarda bu kapsama al\u0131nabilirler.<\/p>\n\n\n\n<p>daha \u00f6nce Y\u0130BO(Yat\u0131l\u0131 B\u00f6lge Okulu) ile c\u00f6z\u00fcm \u00fcretilmeye cal\u0131\u015f\u0131lan b\u00f6lgeler olmu\u015ftu. \u00f6zellikle 30 km \u00fczeri \u00f6\u011frenciler bu kapsamdayd\u0131.<\/p>\n\n\n\n<p>bu beraberinde baz\u0131 sorunlar\u0131 da yan\u0131nda getirdi. 6-7 yas\u0131nda ki \u00f6\u011frencilerin anne babadan uzak ya\u015famas\u0131 devleti harekete gecirmi\u015f ilk etapda km 50 ye  c\u0131kar\u0131lm\u0131\u015ft\u0131.<\/p>\n\n\n\n<p>\u015fimdi ise bu rakam da s\u0131n\u0131r koyulmam\u0131\u015f tek \u00f6\u011frenci dahi olsa ta\u015f\u0131ma kapsam\u0131na al\u0131nm\u0131\u015ft\u0131r.<\/p>\n\n\n\n<div class=\"wp-block-image\"><figure class=\"alignleft size-large\"><img loading=\"lazy\" decoding=\"async\" width=\"960\" height=\"540\" src=\"https:\/\/tasimaliegitim.com\/blog\/wp-content\/uploads\/2021\/01\/12795340_10203866292297796_5648265945716396790_n.jpg\" alt=\"\" class=\"wp-image-466\" srcset=\"https:\/\/tasimaliegitim.com\/blog\/wp-content\/uploads\/2021\/01\/12795340_10203866292297796_5648265945716396790_n.jpg 960w, https:\/\/tasimaliegitim.com\/blog\/wp-content\/uploads\/2021\/01\/12795340_10203866292297796_5648265945716396790_n-300x169.jpg 300w, https:\/\/tasimaliegitim.com\/blog\/wp-content\/uploads\/2021\/01\/12795340_10203866292297796_5648265945716396790_n-768x432.jpg 768w, https:\/\/tasimaliegitim.com\/blog\/wp-content\/uploads\/2021\/01\/12795340_10203866292297796_5648265945716396790_n-850x478.jpg 850w\" sizes=\"auto, (max-width: 960px) 100vw, 960px\" \/><figcaption>Ta\u015f\u0131mal\u0131 e\u011fitim<\/figcaption><\/figure><\/div>\n\n\n\n<p>Servis araclar\u0131m\u0131z\u0131n \u00f6zellikle 1997 y\u0131l\u0131nda ba\u015flad\u0131\u011f\u0131 yo\u011fun i\u015f temposu 2012 y\u0131l\u0131nda daha da artm\u0131\u015f buda baz\u0131 standartlar\u0131n getirilmesini neden olmu\u015ft\u0131r.<\/p>\n\n\n\n<p>Arac ya\u015flar\u0131 12 ile s\u0131n\u0131rland\u0131r\u0131lm\u0131\u015f araclarda ki kalite art\u0131r\u0131lmaya \u00e7al\u0131\u015f\u0131lm\u0131\u015ft\u0131r. okul takip sistemleri bu ba\u011flamda zorunlu hale getirlmi\u015ftir.<\/p>\n\n\n\n<p>koltuk sens\u00f6rleri zorunlu hale getilmek istensede maliyetlerin y\u00fckselmesi ve serviscilerin zarar etmesinin \u00f6n\u00fcne gecilmesi i\u00e7in s\u00fcrekli olarak ertelenmeye gidilmi\u015ftir.<\/p>\n\n\n\n<figure class=\"wp-block-embed-wordpress wp-block-embed is-type-wp-embed is-provider-tasimali-egitim-blog\"><div class=\"wp-block-embed__wrapper\">\n<blockquote class=\"wp-embedded-content\" data-secret=\"aOUS4vsteN\"><a href=\"https:\/\/tasimaliegitim.com\/blog\/2020-2021-tasimali-egitimde-arac-yasi-en-dusuk-kac-olacak\/\">2020-2021 ta\u015f\u0131mal\u0131 e\u011fitimde arac ya\u015f\u0131 en d\u00fc\u015f\u00fck ka\u00e7 olacak?<\/a><\/blockquote><iframe loading=\"lazy\" class=\"wp-embedded-content\" sandbox=\"allow-scripts\" security=\"restricted\" style=\"position: absolute; visibility: hidden;\" title=\"&#8220;2020-2021 ta\u015f\u0131mal\u0131 e\u011fitimde arac ya\u015f\u0131 en d\u00fc\u015f\u00fck ka\u00e7 olacak?&#8221; &#8212; Ta\u015f\u0131mal\u0131 E\u011fitim Blog\" src=\"https:\/\/tasimaliegitim.com\/blog\/2020-2021-tasimali-egitimde-arac-yasi-en-dusuk-kac-olacak\/embed\/#?secret=hBLIVZRWRl#?secret=aOUS4vsteN\" data-secret=\"aOUS4vsteN\" width=\"600\" height=\"338\" frameborder=\"0\" marginwidth=\"0\" marginheight=\"0\" scrolling=\"no\"><\/iframe>\n<\/div><\/figure>\n\n\n\n<p><\/p>\n","protected":false},"excerpt":{"rendered":"<p>Ta\u015f\u0131mal\u0131 E\u011fitim nufusu az olan ve yerle\u015fim olarak birbirinden ayr\u0131k ve uzak yerlerdeki \u00f6\u011frencilerin merkezdeki okullara ta\u015f\u0131nmas\u0131yla olu\u015fan bir sistemdir. ta\u015f\u0131mal\u0131 e\u011fitim ilk 1989 y\u0131l\u0131nda uygulamaya ba\u015flanm\u0131\u015ft\u0131r. pilot olarak iki il se\u00e7ilmi\u015f K\u0131r\u0131kkale ve kocaeli&#8217;nin baz\u0131 il\u00e7elerinde ikinci d\u00f6nem olarak ba\u015flam\u0131\u015ft\u0131r. Milli E\u011fitim bakanl\u0131\u011f\u0131 bu hizmetten verim al\u0131nca 1991 y\u0131l\u0131 e\u011fitim \u00f6\u011fretim y\u0131l\u0131nda ta\u015f\u0131mal\u0131 e\u011fitim&#8230;<\/p>\n","protected":false},"author":2,"featured_media":467,"comment_status":"open","ping_status":"closed","sticky":false,"template":"","format":"standard","meta":{"footnotes":""},"categories":[3],"tags":[43],"class_list":["post-465","post","type-post","status-publish","format-standard","has-post-thumbnail","hentry","category-tasimali","tag-tasimali-egitim"],"yoast_head":"<!-- This site is optimized with the Yoast SEO plugin v27.0 - https:\/\/yoast.com\/product\/yoast-seo-wordpress\/ -->\n<title>Ta\u015f\u0131mal\u0131 E\u011fitim ne i\u00e7in ne zaman ba\u015flad\u0131 | Ta\u015f\u0131mal\u0131 E\u011fitim Blog<\/title>\n<meta name=\"description\" content=\"Ta\u015f\u0131mal\u0131 e\u011fitim sistemi da\u011f\u0131n\u0131k yerle\u015firim yerlerindeki \u00f6\u011frencilerin merkez okullar\u0131na ta\u015f\u0131nmas\u0131 i\u00e7in 1989 y\u0131l\u0131nda ba\u015flam\u0131\u015ft\u0131r.\" \/>\n<meta name=\"robots\" content=\"index, follow, max-snippet:-1, max-image-preview:large, max-video-preview:-1\" \/>\n<link rel=\"canonical\" href=\"https:\/\/tasimaliegitim.com\/blog\/tasimali-egitim-ne-icin-ne-zaman-basladi\/\" \/>\n<meta property=\"og:locale\" content=\"tr_TR\" \/>\n<meta property=\"og:type\" content=\"article\" \/>\n<meta property=\"og:title\" content=\"Ta\u015f\u0131mal\u0131 E\u011fitim ne i\u00e7in ne zaman ba\u015flad\u0131 | Ta\u015f\u0131mal\u0131 E\u011fitim Blog\" \/>\n<meta property=\"og:description\" content=\"Ta\u015f\u0131mal\u0131 e\u011fitim sistemi da\u011f\u0131n\u0131k yerle\u015firim yerlerindeki \u00f6\u011frencilerin merkez okullar\u0131na ta\u015f\u0131nmas\u0131 i\u00e7in 1989 y\u0131l\u0131nda ba\u015flam\u0131\u015ft\u0131r.\" \/>\n<meta property=\"og:url\" content=\"https:\/\/tasimaliegitim.com\/blog\/tasimali-egitim-ne-icin-ne-zaman-basladi\/\" \/>\n<meta property=\"og:site_name\" content=\"Ta\u015f\u0131mal\u0131 E\u011fitim Blog\" \/>\n<meta property=\"article:published_time\" content=\"2021-01-18T10:34:42+00:00\" \/>\n<meta property=\"article:modified_time\" content=\"2021-01-18T10:34:43+00:00\" \/>\n<meta property=\"og:image\" content=\"https:\/\/tasimaliegitim.com\/blog\/wp-content\/uploads\/2021\/01\/Basliksiz-1.jpg\" \/>\n\t<meta property=\"og:image:width\" content=\"970\" \/>\n\t<meta property=\"og:image:height\" content=\"600\" \/>\n\t<meta property=\"og:image:type\" content=\"image\/jpeg\" \/>\n<meta name=\"author\" content=\"admin\" \/>\n<meta name=\"twitter:card\" content=\"summary_large_image\" \/>\n<meta name=\"twitter:label1\" content=\"Yazan:\" \/>\n\t<meta name=\"twitter:data1\" content=\"admin\" \/>\n\t<meta name=\"twitter:label2\" content=\"Tahmini okuma s\u00fcresi\" \/>\n\t<meta name=\"twitter:data2\" content=\"2 dakika\" \/>\n<script type=\"application\/ld+json\" class=\"yoast-schema-graph\">{\"@context\":\"https:\/\/schema.org\",\"@graph\":[{\"@type\":\"Article\",\"@id\":\"https:\/\/tasimaliegitim.com\/blog\/tasimali-egitim-ne-icin-ne-zaman-basladi\/#article\",\"isPartOf\":{\"@id\":\"https:\/\/tasimaliegitim.com\/blog\/tasimali-egitim-ne-icin-ne-zaman-basladi\/\"},\"author\":{\"name\":\"admin\",\"@id\":\"https:\/\/tasimaliegitim.com\/blog\/#\/schema\/person\/f0b2a53e96774623e2ea0973366f418e\"},\"headline\":\"Ta\u015f\u0131mal\u0131 E\u011fitim ne i\u00e7in ne zaman ba\u015flad\u0131\",\"datePublished\":\"2021-01-18T10:34:42+00:00\",\"dateModified\":\"2021-01-18T10:34:43+00:00\",\"mainEntityOfPage\":{\"@id\":\"https:\/\/tasimaliegitim.com\/blog\/tasimali-egitim-ne-icin-ne-zaman-basladi\/\"},\"wordCount\":491,\"commentCount\":0,\"publisher\":{\"@id\":\"https:\/\/tasimaliegitim.com\/blog\/#organization\"},\"image\":{\"@id\":\"https:\/\/tasimaliegitim.com\/blog\/tasimali-egitim-ne-icin-ne-zaman-basladi\/#primaryimage\"},\"thumbnailUrl\":\"https:\/\/tasimaliegitim.com\/blog\/wp-content\/uploads\/2021\/01\/Basliksiz-1.jpg\",\"keywords\":[\"ta\u015f\u0131mal\u0131 e\u011fitim\"],\"articleSection\":[\"Okul Servisleri\"],\"inLanguage\":\"tr\",\"potentialAction\":[{\"@type\":\"CommentAction\",\"name\":\"Comment\",\"target\":[\"https:\/\/tasimaliegitim.com\/blog\/tasimali-egitim-ne-icin-ne-zaman-basladi\/#respond\"]}]},{\"@type\":\"WebPage\",\"@id\":\"https:\/\/tasimaliegitim.com\/blog\/tasimali-egitim-ne-icin-ne-zaman-basladi\/\",\"url\":\"https:\/\/tasimaliegitim.com\/blog\/tasimali-egitim-ne-icin-ne-zaman-basladi\/\",\"name\":\"Ta\u015f\u0131mal\u0131 E\u011fitim ne i\u00e7in ne zaman ba\u015flad\u0131 | Ta\u015f\u0131mal\u0131 E\u011fitim Blog\",\"isPartOf\":{\"@id\":\"https:\/\/tasimaliegitim.com\/blog\/#website\"},\"primaryImageOfPage\":{\"@id\":\"https:\/\/tasimaliegitim.com\/blog\/tasimali-egitim-ne-icin-ne-zaman-basladi\/#primaryimage\"},\"image\":{\"@id\":\"https:\/\/tasimaliegitim.com\/blog\/tasimali-egitim-ne-icin-ne-zaman-basladi\/#primaryimage\"},\"thumbnailUrl\":\"https:\/\/tasimaliegitim.com\/blog\/wp-content\/uploads\/2021\/01\/Basliksiz-1.jpg\",\"datePublished\":\"2021-01-18T10:34:42+00:00\",\"dateModified\":\"2021-01-18T10:34:43+00:00\",\"description\":\"Ta\u015f\u0131mal\u0131 e\u011fitim sistemi da\u011f\u0131n\u0131k yerle\u015firim yerlerindeki \u00f6\u011frencilerin merkez okullar\u0131na ta\u015f\u0131nmas\u0131 i\u00e7in 1989 y\u0131l\u0131nda ba\u015flam\u0131\u015ft\u0131r.\",\"breadcrumb\":{\"@id\":\"https:\/\/tasimaliegitim.com\/blog\/tasimali-egitim-ne-icin-ne-zaman-basladi\/#breadcrumb\"},\"inLanguage\":\"tr\",\"potentialAction\":[{\"@type\":\"ReadAction\",\"target\":[\"https:\/\/tasimaliegitim.com\/blog\/tasimali-egitim-ne-icin-ne-zaman-basladi\/\"]}]},{\"@type\":\"ImageObject\",\"inLanguage\":\"tr\",\"@id\":\"https:\/\/tasimaliegitim.com\/blog\/tasimali-egitim-ne-icin-ne-zaman-basladi\/#primaryimage\",\"url\":\"https:\/\/tasimaliegitim.com\/blog\/wp-content\/uploads\/2021\/01\/Basliksiz-1.jpg\",\"contentUrl\":\"https:\/\/tasimaliegitim.com\/blog\/wp-content\/uploads\/2021\/01\/Basliksiz-1.jpg\",\"width\":970,\"height\":600},{\"@type\":\"BreadcrumbList\",\"@id\":\"https:\/\/tasimaliegitim.com\/blog\/tasimali-egitim-ne-icin-ne-zaman-basladi\/#breadcrumb\",\"itemListElement\":[{\"@type\":\"ListItem\",\"position\":1,\"name\":\"Home\",\"item\":\"https:\/\/tasimaliegitim.com\/blog\/\"},{\"@type\":\"ListItem\",\"position\":2,\"name\":\"Ta\u015f\u0131mal\u0131 E\u011fitim ne i\u00e7in ne zaman ba\u015flad\u0131\"}]},{\"@type\":\"WebSite\",\"@id\":\"https:\/\/tasimaliegitim.com\/blog\/#website\",\"url\":\"https:\/\/tasimaliegitim.com\/blog\/\",\"name\":\"Ta\u015f\u0131mal\u0131 E\u011fitim Blog\",\"description\":\"\",\"publisher\":{\"@id\":\"https:\/\/tasimaliegitim.com\/blog\/#organization\"},\"potentialAction\":[{\"@type\":\"SearchAction\",\"target\":{\"@type\":\"EntryPoint\",\"urlTemplate\":\"https:\/\/tasimaliegitim.com\/blog\/?s={search_term_string}\"},\"query-input\":{\"@type\":\"PropertyValueSpecification\",\"valueRequired\":true,\"valueName\":\"search_term_string\"}}],\"inLanguage\":\"tr\"},{\"@type\":\"Organization\",\"@id\":\"https:\/\/tasimaliegitim.com\/blog\/#organization\",\"name\":\"ta\u015f\u0131mal\u0131 e\u011fitim\",\"url\":\"https:\/\/tasimaliegitim.com\/blog\/\",\"logo\":{\"@type\":\"ImageObject\",\"inLanguage\":\"tr\",\"@id\":\"https:\/\/tasimaliegitim.com\/blog\/#\/schema\/logo\/image\/\",\"url\":\"https:\/\/tasimaliegitim.com\/blog\/wp-content\/uploads\/2019\/09\/logo-3.png\",\"contentUrl\":\"https:\/\/tasimaliegitim.com\/blog\/wp-content\/uploads\/2019\/09\/logo-3.png\",\"width\":216,\"height\":57,\"caption\":\"ta\u015f\u0131mal\u0131 e\u011fitim\"},\"image\":{\"@id\":\"https:\/\/tasimaliegitim.com\/blog\/#\/schema\/logo\/image\/\"}},{\"@type\":\"Person\",\"@id\":\"https:\/\/tasimaliegitim.com\/blog\/#\/schema\/person\/f0b2a53e96774623e2ea0973366f418e\",\"name\":\"admin\",\"image\":{\"@type\":\"ImageObject\",\"inLanguage\":\"tr\",\"@id\":\"https:\/\/tasimaliegitim.com\/blog\/#\/schema\/person\/image\/\",\"url\":\"https:\/\/secure.gravatar.com\/avatar\/b0136991bbc1f5b7411487ffe4ff0eb3e510b382cf7e429f5f00f3e801a85223?s=96&d=mm&r=g\",\"contentUrl\":\"https:\/\/secure.gravatar.com\/avatar\/b0136991bbc1f5b7411487ffe4ff0eb3e510b382cf7e429f5f00f3e801a85223?s=96&d=mm&r=g\",\"caption\":\"admin\"},\"url\":\"https:\/\/tasimaliegitim.com\/blog\/author\/admin\/\"}]}<\/script>\n<!-- \/ Yoast SEO plugin. -->","yoast_head_json":{"title":"Ta\u015f\u0131mal\u0131 E\u011fitim ne i\u00e7in ne zaman ba\u015flad\u0131 | Ta\u015f\u0131mal\u0131 E\u011fitim Blog","description":"Ta\u015f\u0131mal\u0131 e\u011fitim sistemi da\u011f\u0131n\u0131k yerle\u015firim yerlerindeki \u00f6\u011frencilerin merkez okullar\u0131na ta\u015f\u0131nmas\u0131 i\u00e7in 1989 y\u0131l\u0131nda ba\u015flam\u0131\u015ft\u0131r.","robots":{"index":"index","follow":"follow","max-snippet":"max-snippet:-1","max-image-preview":"max-image-preview:large","max-video-preview":"max-video-preview:-1"},"canonical":"https:\/\/tasimaliegitim.com\/blog\/tasimali-egitim-ne-icin-ne-zaman-basladi\/","og_locale":"tr_TR","og_type":"article","og_title":"Ta\u015f\u0131mal\u0131 E\u011fitim ne i\u00e7in ne zaman ba\u015flad\u0131 | Ta\u015f\u0131mal\u0131 E\u011fitim Blog","og_description":"Ta\u015f\u0131mal\u0131 e\u011fitim sistemi da\u011f\u0131n\u0131k yerle\u015firim yerlerindeki \u00f6\u011frencilerin merkez okullar\u0131na ta\u015f\u0131nmas\u0131 i\u00e7in 1989 y\u0131l\u0131nda ba\u015flam\u0131\u015ft\u0131r.","og_url":"https:\/\/tasimaliegitim.com\/blog\/tasimali-egitim-ne-icin-ne-zaman-basladi\/","og_site_name":"Ta\u015f\u0131mal\u0131 E\u011fitim Blog","article_published_time":"2021-01-18T10:34:42+00:00","article_modified_time":"2021-01-18T10:34:43+00:00","og_image":[{"width":970,"height":600,"url":"https:\/\/tasimaliegitim.com\/blog\/wp-content\/uploads\/2021\/01\/Basliksiz-1.jpg","type":"image\/jpeg"}],"author":"admin","twitter_card":"summary_large_image","twitter_misc":{"Yazan:":"admin","Tahmini okuma s\u00fcresi":"2 dakika"},"schema":{"@context":"https:\/\/schema.org","@graph":[{"@type":"Article","@id":"https:\/\/tasimaliegitim.com\/blog\/tasimali-egitim-ne-icin-ne-zaman-basladi\/#article","isPartOf":{"@id":"https:\/\/tasimaliegitim.com\/blog\/tasimali-egitim-ne-icin-ne-zaman-basladi\/"},"author":{"name":"admin","@id":"https:\/\/tasimaliegitim.com\/blog\/#\/schema\/person\/f0b2a53e96774623e2ea0973366f418e"},"headline":"Ta\u015f\u0131mal\u0131 E\u011fitim ne i\u00e7in ne zaman ba\u015flad\u0131","datePublished":"2021-01-18T10:34:42+00:00","dateModified":"2021-01-18T10:34:43+00:00","mainEntityOfPage":{"@id":"https:\/\/tasimaliegitim.com\/blog\/tasimali-egitim-ne-icin-ne-zaman-basladi\/"},"wordCount":491,"commentCount":0,"publisher":{"@id":"https:\/\/tasimaliegitim.com\/blog\/#organization"},"image":{"@id":"https:\/\/tasimaliegitim.com\/blog\/tasimali-egitim-ne-icin-ne-zaman-basladi\/#primaryimage"},"thumbnailUrl":"https:\/\/tasimaliegitim.com\/blog\/wp-content\/uploads\/2021\/01\/Basliksiz-1.jpg","keywords":["ta\u015f\u0131mal\u0131 e\u011fitim"],"articleSection":["Okul Servisleri"],"inLanguage":"tr","potentialAction":[{"@type":"CommentAction","name":"Comment","target":["https:\/\/tasimaliegitim.com\/blog\/tasimali-egitim-ne-icin-ne-zaman-basladi\/#respond"]}]},{"@type":"WebPage","@id":"https:\/\/tasimaliegitim.com\/blog\/tasimali-egitim-ne-icin-ne-zaman-basladi\/","url":"https:\/\/tasimaliegitim.com\/blog\/tasimali-egitim-ne-icin-ne-zaman-basladi\/","name":"Ta\u015f\u0131mal\u0131 E\u011fitim ne i\u00e7in ne zaman ba\u015flad\u0131 | Ta\u015f\u0131mal\u0131 E\u011fitim Blog","isPartOf":{"@id":"https:\/\/tasimaliegitim.com\/blog\/#website"},"primaryImageOfPage":{"@id":"https:\/\/tasimaliegitim.com\/blog\/tasimali-egitim-ne-icin-ne-zaman-basladi\/#primaryimage"},"image":{"@id":"https:\/\/tasimaliegitim.com\/blog\/tasimali-egitim-ne-icin-ne-zaman-basladi\/#primaryimage"},"thumbnailUrl":"https:\/\/tasimaliegitim.com\/blog\/wp-content\/uploads\/2021\/01\/Basliksiz-1.jpg","datePublished":"2021-01-18T10:34:42+00:00","dateModified":"2021-01-18T10:34:43+00:00","description":"Ta\u015f\u0131mal\u0131 e\u011fitim sistemi da\u011f\u0131n\u0131k yerle\u015firim yerlerindeki \u00f6\u011frencilerin merkez okullar\u0131na ta\u015f\u0131nmas\u0131 i\u00e7in 1989 y\u0131l\u0131nda ba\u015flam\u0131\u015ft\u0131r.","breadcrumb":{"@id":"https:\/\/tasimaliegitim.com\/blog\/tasimali-egitim-ne-icin-ne-zaman-basladi\/#breadcrumb"},"inLanguage":"tr","potentialAction":[{"@type":"ReadAction","target":["https:\/\/tasimaliegitim.com\/blog\/tasimali-egitim-ne-icin-ne-zaman-basladi\/"]}]},{"@type":"ImageObject","inLanguage":"tr","@id":"https:\/\/tasimaliegitim.com\/blog\/tasimali-egitim-ne-icin-ne-zaman-basladi\/#primaryimage","url":"https:\/\/tasimaliegitim.com\/blog\/wp-content\/uploads\/2021\/01\/Basliksiz-1.jpg","contentUrl":"https:\/\/tasimaliegitim.com\/blog\/wp-content\/uploads\/2021\/01\/Basliksiz-1.jpg","width":970,"height":600},{"@type":"BreadcrumbList","@id":"https:\/\/tasimaliegitim.com\/blog\/tasimali-egitim-ne-icin-ne-zaman-basladi\/#breadcrumb","itemListElement":[{"@type":"ListItem","position":1,"name":"Home","item":"https:\/\/tasimaliegitim.com\/blog\/"},{"@type":"ListItem","position":2,"name":"Ta\u015f\u0131mal\u0131 E\u011fitim ne i\u00e7in ne zaman ba\u015flad\u0131"}]},{"@type":"WebSite","@id":"https:\/\/tasimaliegitim.com\/blog\/#website","url":"https:\/\/tasimaliegitim.com\/blog\/","name":"Ta\u015f\u0131mal\u0131 E\u011fitim Blog","description":"","publisher":{"@id":"https:\/\/tasimaliegitim.com\/blog\/#organization"},"potentialAction":[{"@type":"SearchAction","target":{"@type":"EntryPoint","urlTemplate":"https:\/\/tasimaliegitim.com\/blog\/?s={search_term_string}"},"query-input":{"@type":"PropertyValueSpecification","valueRequired":true,"valueName":"search_term_string"}}],"inLanguage":"tr"},{"@type":"Organization","@id":"https:\/\/tasimaliegitim.com\/blog\/#organization","name":"ta\u015f\u0131mal\u0131 e\u011fitim","url":"https:\/\/tasimaliegitim.com\/blog\/","logo":{"@type":"ImageObject","inLanguage":"tr","@id":"https:\/\/tasimaliegitim.com\/blog\/#\/schema\/logo\/image\/","url":"https:\/\/tasimaliegitim.com\/blog\/wp-content\/uploads\/2019\/09\/logo-3.png","contentUrl":"https:\/\/tasimaliegitim.com\/blog\/wp-content\/uploads\/2019\/09\/logo-3.png","width":216,"height":57,"caption":"ta\u015f\u0131mal\u0131 e\u011fitim"},"image":{"@id":"https:\/\/tasimaliegitim.com\/blog\/#\/schema\/logo\/image\/"}},{"@type":"Person","@id":"https:\/\/tasimaliegitim.com\/blog\/#\/schema\/person\/f0b2a53e96774623e2ea0973366f418e","name":"admin","image":{"@type":"ImageObject","inLanguage":"tr","@id":"https:\/\/tasimaliegitim.com\/blog\/#\/schema\/person\/image\/","url":"https:\/\/secure.gravatar.com\/avatar\/b0136991bbc1f5b7411487ffe4ff0eb3e510b382cf7e429f5f00f3e801a85223?s=96&d=mm&r=g","contentUrl":"https:\/\/secure.gravatar.com\/avatar\/b0136991bbc1f5b7411487ffe4ff0eb3e510b382cf7e429f5f00f3e801a85223?s=96&d=mm&r=g","caption":"admin"},"url":"https:\/\/tasimaliegitim.com\/blog\/author\/admin\/"}]}},"amp_enabled":true,"_links":{"self":[{"href":"https:\/\/tasimaliegitim.com\/blog\/wp-json\/wp\/v2\/posts\/465","targetHints":{"allow":["GET"]}}],"collection":[{"href":"https:\/\/tasimaliegitim.com\/blog\/wp-json\/wp\/v2\/posts"}],"about":[{"href":"https:\/\/tasimaliegitim.com\/blog\/wp-json\/wp\/v2\/types\/post"}],"author":[{"embeddable":true,"href":"https:\/\/tasimaliegitim.com\/blog\/wp-json\/wp\/v2\/users\/2"}],"replies":[{"embeddable":true,"href":"https:\/\/tasimaliegitim.com\/blog\/wp-json\/wp\/v2\/comments?post=465"}],"version-history":[{"count":1,"href":"https:\/\/tasimaliegitim.com\/blog\/wp-json\/wp\/v2\/posts\/465\/revisions"}],"predecessor-version":[{"id":468,"href":"https:\/\/tasimaliegitim.com\/blog\/wp-json\/wp\/v2\/posts\/465\/revisions\/468"}],"wp:featuredmedia":[{"embeddable":true,"href":"https:\/\/tasimaliegitim.com\/blog\/wp-json\/wp\/v2\/media\/467"}],"wp:attachment":[{"href":"https:\/\/tasimaliegitim.com\/blog\/wp-json\/wp\/v2\/media?parent=465"}],"wp:term":[{"taxonomy":"category","embeddable":true,"href":"https:\/\/tasimaliegitim.com\/blog\/wp-json\/wp\/v2\/categories?post=465"},{"taxonomy":"post_tag","embeddable":true,"href":"https:\/\/tasimaliegitim.com\/blog\/wp-json\/wp\/v2\/tags?post=465"}],"curies":[{"name":"wp","href":"https:\/\/api.w.org\/{rel}","templated":true}]}}