{"id":342,"date":"2020-07-15T08:08:21","date_gmt":"2020-07-15T08:08:21","guid":{"rendered":"https:\/\/tasimaliegitim.com\/blog\/?p=342"},"modified":"2020-07-15T08:08:22","modified_gmt":"2020-07-15T08:08:22","slug":"meb-tasimali-egitim-okul-servis-ucretleri-neden-dustu","status":"publish","type":"post","link":"https:\/\/tasimaliegitim.com\/blog\/meb-tasimali-egitim-okul-servis-ucretleri-neden-dustu\/","title":{"rendered":"MEB ta\u015f\u0131mal\u0131 e\u011fitim okul servis \u00fccretleri neden d\u00fc\u015ft\u00fc?"},"content":{"rendered":"\n<p>Ta\u015f\u0131mal\u0131 e\u011fiyim okul servis \u00fccretleri 2020 y\u0131l\u0131 itibar\u0131yla hem parametrelerde hemde hesaplama yontemlerinde de\u011fi\u015fikli\u011fe gidildi.<\/p>\n\n\n\n<p>bu de\u011fi\u015fiklik servis camias\u0131n\u0131 \u00e7ok \u00fczsede neden d\u00fc\u015f\u00fcr\u00fcld\u00fc\u011f\u00fcn\u00fc herkes merak ediyor.<\/p>\n\n\n\n<p>peki ne kadar d\u00fc\u015ft\u00fc?<\/p>\n\n\n\n<p>servis \u00fccretleri asl\u0131nda tam anlam\u0131yla d\u00fc\u015fmedi kilometre bazl\u0131 d\u00fc\u015f\u00fc\u015f oldu \u00f6rne\u011fin 10 km yol i\u00e7in 20 tl d\u00fc\u015f\u00fc\u015f olduysada 30km yolda 2-3 tl art\u0131\u015f hatta 40-50 kmlerde 30-40 tl ye varan art\u0131\u015f ya\u015fand\u0131. <\/p>\n\n\n\n<p>uzak yoldan gelenlerin fiyatlar\u0131 iyi olsada genel yollar d\u00fc\u015f\u00fck km oldu\u011fu i\u00e7in fiyatlarda d\u00fc\u015f\u00fc\u015f ortalamada d\u00fc\u015f\u00fc\u015f oldu<\/p>\n\n\n\n<p>Fiyatlar neden d\u00fc\u015ft\u00fc?<\/p>\n\n\n\n<p>Fiyatlar ilk sebebi tabiki ekonomik. bu ekonomiklik her alanda meydana gelen zamlar \u00f6zellikle pandemi s\u00fcreci devletin kasas\u0131n\u0131 bi hayli zora d\u00fc\u015f\u00fcrd\u00fc.<\/p>\n\n\n\n<p>kasay\u0131 rahatlatabilmek elbette kemer s\u0131kma yada ekonomik para kayna\u011f\u0131n\u0131n bir yolla sa\u011flanmas\u0131yla c\u00f6z\u00fclebiliyor. bizim \u015fuan kemer s\u0131kma politikas\u0131ndan ba\u015fka bir k\u0131sa vadede c\u00f6z\u00fcm\u00fcm\u00fcz malesef yok. <\/p>\n\n\n\n<p>devlet \u00fccreti nas\u0131l d\u00fc\u015f\u00fcrd\u00fc. elindeki istatistiklerde g\u00f6z\u00fckmekte ki bircok yerde servisci arkadaslar\u0131m\u0131z zarar\u0131na da olsa yuzde 16 k\u0131r\u0131p al\u0131yor ve ta\u015f\u0131yor. devletimiz bu fiyatlara ta\u015f\u0131nabildi\u011fini g\u00f6r\u00fcyor. e\u011fer ta\u015f\u0131n\u0131yorsa k\u0131r\u0131lm\u0131\u015f fiyat\u0131 direk bizlere bu y\u0131l sunuyor.<\/p>\n\n\n\n<p>\u015fimdi \u00e7al\u0131\u015facakm\u0131y\u0131z? \u00f6nceki y\u0131llarda k\u0131ranlar i\u00e7in bir kay\u0131t olmayaca\u011f\u0131ndan zarar\u0131na da olsa \u00e7al\u0131\u015faca\u011f\u0131z.  bunu hemde devletimizin kasas\u0131 i\u00e7in yapaca\u011f\u0131z hem \u00e7ocuklar\u0131m\u0131z\u0131n madur olmamas\u0131 i\u00e7in? peki devletten \u015funuda bekleyece\u011fiz<\/p>\n\n\n\n<p>bu kemer s\u0131kma herkes i\u00e7in yap\u0131lmal\u0131 Biz servis esnaf\u0131n\u0131 kemerle s\u0131karken di\u011fer alanlardada gevsetme yap\u0131lmamal\u0131. ekonomi d\u00fczeldi\u011findede bu y\u0131llarda biz nas\u0131l zarar\u0131na da olsa servis i\u015fini devletimizi yanl\u0131z b\u0131rakmamak ad\u0131na yap\u0131yorsak yar\u0131n bizleri g\u00f6rmeli fiyatlar\u0131 bizim ailemizi bizim esnaf\u0131m\u0131z\u0131 ayakta tutacak seviyeye ula\u015ft\u0131rmal\u0131<\/p>\n\n\n\n<p>S\u00f6f\u00f6rler odas\u0131ndan destek bekliyoruz?<\/p>\n\n\n\n<p>bir f\u0131r\u0131nc\u0131lar odas\u0131 kadar nedense \u015f\u00f6f\u00f6rler odalar\u0131nda ses duyamad\u0131k. fiyatlar d\u00fc\u015ft\u00fc bir kac duyarl\u0131 illerden ses c\u0131ksada ses getirecek hamleleri malesef yapmad\u0131. <\/p>\n\n\n\n<p>o zaman s\u00f6f\u00f6rler odalar\u0131 bizim i\u015fimize yaram\u0131yor aidatlar\u0131m\u0131z\u0131 verirken de serzeni\u015fte bulunarak verece\u011fiz. diyece\u011fiz ki bu paray\u0131 size veriyoruz. (bu y\u0131l aidat zamm\u0131 yap\u0131lamaz yapanlar\u0131da k\u0131n\u0131yoruz) bizim hakk\u0131m\u0131z\u0131 koruyun. korumuyorsan\u0131z bizde sizin arkan\u0131zda durmuyoruz.<\/p>\n\n\n\n<p>bu yaz\u0131m\u0131z\u0131 gerek sosyal medyada gerek whatsapp guruplar\u0131nda l\u00fctfen paylas\u0131p destekte bulunal\u0131m.<\/p>\n\n\n\n<p><\/p>\n","protected":false},"excerpt":{"rendered":"<p>Ta\u015f\u0131mal\u0131 e\u011fiyim okul servis \u00fccretleri 2020 y\u0131l\u0131 itibar\u0131yla hem parametrelerde hemde hesaplama yontemlerinde de\u011fi\u015fikli\u011fe gidildi. bu de\u011fi\u015fiklik servis camias\u0131n\u0131 \u00e7ok \u00fczsede neden d\u00fc\u015f\u00fcr\u00fcld\u00fc\u011f\u00fcn\u00fc herkes merak ediyor. peki ne kadar d\u00fc\u015ft\u00fc? servis \u00fccretleri asl\u0131nda tam anlam\u0131yla d\u00fc\u015fmedi kilometre bazl\u0131 d\u00fc\u015f\u00fc\u015f oldu \u00f6rne\u011fin 10 km yol i\u00e7in 20 tl d\u00fc\u015f\u00fc\u015f olduysada 30km yolda 2-3 tl art\u0131\u015f hatta&#8230;<\/p>\n","protected":false},"author":2,"featured_media":343,"comment_status":"open","ping_status":"closed","sticky":false,"template":"","format":"standard","meta":{"amp_status":""},"categories":[3],"tags":[66],"yoast_head":"<!-- This site is optimized with the Yoast SEO plugin v14.4.1 - https:\/\/yoast.com\/wordpress\/plugins\/seo\/ -->\n<title>MEB ta\u015f\u0131mal\u0131 e\u011fitim okul servis \u00fccretleri neden d\u00fc\u015ft\u00fc? | Ta\u015f\u0131mal\u0131 E\u011fitim Blog<\/title>\n<meta name=\"robots\" content=\"index, follow\" \/>\n<meta name=\"googlebot\" content=\"index, follow, max-snippet:-1, max-image-preview:large, max-video-preview:-1\" \/>\n<meta name=\"bingbot\" content=\"index, follow, max-snippet:-1, max-image-preview:large, max-video-preview:-1\" \/>\n<link rel=\"canonical\" href=\"https:\/\/tasimaliegitim.com\/blog\/meb-tasimali-egitim-okul-servis-ucretleri-neden-dustu\/\" \/>\n<meta property=\"og:locale\" content=\"tr_TR\" \/>\n<meta property=\"og:type\" content=\"article\" \/>\n<meta property=\"og:title\" content=\"MEB ta\u015f\u0131mal\u0131 e\u011fitim okul servis \u00fccretleri neden d\u00fc\u015ft\u00fc? | Ta\u015f\u0131mal\u0131 E\u011fitim Blog\" \/>\n<meta property=\"og:description\" content=\"Ta\u015f\u0131mal\u0131 e\u011fiyim okul servis \u00fccretleri 2020 y\u0131l\u0131 itibar\u0131yla hem parametrelerde hemde hesaplama yontemlerinde de\u011fi\u015fikli\u011fe gidildi. bu de\u011fi\u015fiklik servis camias\u0131n\u0131 \u00e7ok \u00fczsede neden d\u00fc\u015f\u00fcr\u00fcld\u00fc\u011f\u00fcn\u00fc herkes merak ediyor. peki ne kadar d\u00fc\u015ft\u00fc? servis \u00fccretleri asl\u0131nda tam anlam\u0131yla d\u00fc\u015fmedi kilometre bazl\u0131 d\u00fc\u015f\u00fc\u015f oldu \u00f6rne\u011fin 10 km yol i\u00e7in 20 tl d\u00fc\u015f\u00fc\u015f olduysada 30km yolda 2-3 tl art\u0131\u015f hatta...\" \/>\n<meta property=\"og:url\" content=\"https:\/\/tasimaliegitim.com\/blog\/meb-tasimali-egitim-okul-servis-ucretleri-neden-dustu\/\" \/>\n<meta property=\"og:site_name\" content=\"Ta\u015f\u0131mal\u0131 E\u011fitim Blog\" \/>\n<meta property=\"article:published_time\" content=\"2020-07-15T08:08:21+00:00\" \/>\n<meta property=\"article:modified_time\" content=\"2020-07-15T08:08:22+00:00\" \/>\n<meta property=\"og:image\" content=\"https:\/\/tasimaliegitim.com\/blog\/wp-content\/uploads\/2020\/07\/Ba\u015fl\u0131ks\u0131z-1.jpg\" \/>\n\t<meta property=\"og:image:width\" content=\"970\" \/>\n\t<meta property=\"og:image:height\" content=\"553\" \/>\n<meta name=\"twitter:card\" content=\"summary_large_image\" \/>\n<script type=\"application\/ld+json\" class=\"yoast-schema-graph\">{\"@context\":\"https:\/\/schema.org\",\"@graph\":[{\"@type\":\"Organization\",\"@id\":\"https:\/\/tasimaliegitim.com\/blog\/#organization\",\"name\":\"ta\\u015f\\u0131mal\\u0131 e\\u011fitim\",\"url\":\"https:\/\/tasimaliegitim.com\/blog\/\",\"sameAs\":[],\"logo\":{\"@type\":\"ImageObject\",\"@id\":\"https:\/\/tasimaliegitim.com\/blog\/#logo\",\"inLanguage\":\"tr\",\"url\":\"https:\/\/tasimaliegitim.com\/blog\/wp-content\/uploads\/2019\/09\/logo-3.png\",\"width\":216,\"height\":57,\"caption\":\"ta\\u015f\\u0131mal\\u0131 e\\u011fitim\"},\"image\":{\"@id\":\"https:\/\/tasimaliegitim.com\/blog\/#logo\"}},{\"@type\":\"WebSite\",\"@id\":\"https:\/\/tasimaliegitim.com\/blog\/#website\",\"url\":\"https:\/\/tasimaliegitim.com\/blog\/\",\"name\":\"Ta\\u015f\\u0131mal\\u0131 E\\u011fitim Blog\",\"description\":\"\",\"publisher\":{\"@id\":\"https:\/\/tasimaliegitim.com\/blog\/#organization\"},\"potentialAction\":[{\"@type\":\"SearchAction\",\"target\":\"https:\/\/tasimaliegitim.com\/blog\/?s={search_term_string}\",\"query-input\":\"required name=search_term_string\"}],\"inLanguage\":\"tr\"},{\"@type\":\"ImageObject\",\"@id\":\"https:\/\/tasimaliegitim.com\/blog\/meb-tasimali-egitim-okul-servis-ucretleri-neden-dustu\/#primaryimage\",\"inLanguage\":\"tr\",\"url\":\"https:\/\/tasimaliegitim.com\/blog\/wp-content\/uploads\/2020\/07\/Ba\\u015fl\\u0131ks\\u0131z-1.jpg\",\"width\":970,\"height\":553},{\"@type\":\"WebPage\",\"@id\":\"https:\/\/tasimaliegitim.com\/blog\/meb-tasimali-egitim-okul-servis-ucretleri-neden-dustu\/#webpage\",\"url\":\"https:\/\/tasimaliegitim.com\/blog\/meb-tasimali-egitim-okul-servis-ucretleri-neden-dustu\/\",\"name\":\"MEB ta\\u015f\\u0131mal\\u0131 e\\u011fitim okul servis \\u00fccretleri neden d\\u00fc\\u015ft\\u00fc? | Ta\\u015f\\u0131mal\\u0131 E\\u011fitim Blog\",\"isPartOf\":{\"@id\":\"https:\/\/tasimaliegitim.com\/blog\/#website\"},\"primaryImageOfPage\":{\"@id\":\"https:\/\/tasimaliegitim.com\/blog\/meb-tasimali-egitim-okul-servis-ucretleri-neden-dustu\/#primaryimage\"},\"datePublished\":\"2020-07-15T08:08:21+00:00\",\"dateModified\":\"2020-07-15T08:08:22+00:00\",\"inLanguage\":\"tr\",\"potentialAction\":[{\"@type\":\"ReadAction\",\"target\":[\"https:\/\/tasimaliegitim.com\/blog\/meb-tasimali-egitim-okul-servis-ucretleri-neden-dustu\/\"]}]},{\"@type\":\"Article\",\"@id\":\"https:\/\/tasimaliegitim.com\/blog\/meb-tasimali-egitim-okul-servis-ucretleri-neden-dustu\/#article\",\"isPartOf\":{\"@id\":\"https:\/\/tasimaliegitim.com\/blog\/meb-tasimali-egitim-okul-servis-ucretleri-neden-dustu\/#webpage\"},\"author\":{\"@id\":\"https:\/\/tasimaliegitim.com\/blog\/#\/schema\/person\/f0b2a53e96774623e2ea0973366f418e\"},\"headline\":\"MEB ta\\u015f\\u0131mal\\u0131 e\\u011fitim okul servis \\u00fccretleri neden d\\u00fc\\u015ft\\u00fc?\",\"datePublished\":\"2020-07-15T08:08:21+00:00\",\"dateModified\":\"2020-07-15T08:08:22+00:00\",\"commentCount\":0,\"mainEntityOfPage\":{\"@id\":\"https:\/\/tasimaliegitim.com\/blog\/meb-tasimali-egitim-okul-servis-ucretleri-neden-dustu\/#webpage\"},\"publisher\":{\"@id\":\"https:\/\/tasimaliegitim.com\/blog\/#organization\"},\"image\":{\"@id\":\"https:\/\/tasimaliegitim.com\/blog\/meb-tasimali-egitim-okul-servis-ucretleri-neden-dustu\/#primaryimage\"},\"keywords\":\"OKUL SERV\\u0130SLER\\u0130 F\\u0130YATLARI\",\"articleSection\":\"Okul Servisleri\",\"inLanguage\":\"tr\",\"potentialAction\":[{\"@type\":\"CommentAction\",\"name\":\"Comment\",\"target\":[\"https:\/\/tasimaliegitim.com\/blog\/meb-tasimali-egitim-okul-servis-ucretleri-neden-dustu\/#respond\"]}]},{\"@type\":[\"Person\"],\"@id\":\"https:\/\/tasimaliegitim.com\/blog\/#\/schema\/person\/f0b2a53e96774623e2ea0973366f418e\",\"name\":\"admin\",\"image\":{\"@type\":\"ImageObject\",\"@id\":\"https:\/\/tasimaliegitim.com\/blog\/#personlogo\",\"inLanguage\":\"tr\",\"url\":\"https:\/\/secure.gravatar.com\/avatar\/62c6fac32707fef1d9475f723d0ef0cb?s=96&d=mm&r=g\",\"caption\":\"admin\"}}]}<\/script>\n<!-- \/ Yoast SEO plugin. -->","_links":{"self":[{"href":"https:\/\/tasimaliegitim.com\/blog\/wp-json\/wp\/v2\/posts\/342"}],"collection":[{"href":"https:\/\/tasimaliegitim.com\/blog\/wp-json\/wp\/v2\/posts"}],"about":[{"href":"https:\/\/tasimaliegitim.com\/blog\/wp-json\/wp\/v2\/types\/post"}],"author":[{"embeddable":true,"href":"https:\/\/tasimaliegitim.com\/blog\/wp-json\/wp\/v2\/users\/2"}],"replies":[{"embeddable":true,"href":"https:\/\/tasimaliegitim.com\/blog\/wp-json\/wp\/v2\/comments?post=342"}],"version-history":[{"count":1,"href":"https:\/\/tasimaliegitim.com\/blog\/wp-json\/wp\/v2\/posts\/342\/revisions"}],"predecessor-version":[{"id":344,"href":"https:\/\/tasimaliegitim.com\/blog\/wp-json\/wp\/v2\/posts\/342\/revisions\/344"}],"wp:featuredmedia":[{"embeddable":true,"href":"https:\/\/tasimaliegitim.com\/blog\/wp-json\/wp\/v2\/media\/343"}],"wp:attachment":[{"href":"https:\/\/tasimaliegitim.com\/blog\/wp-json\/wp\/v2\/media?parent=342"}],"wp:term":[{"taxonomy":"category","embeddable":true,"href":"https:\/\/tasimaliegitim.com\/blog\/wp-json\/wp\/v2\/categories?post=342"},{"taxonomy":"post_tag","embeddable":true,"href":"https:\/\/tasimaliegitim.com\/blog\/wp-json\/wp\/v2\/tags?post=342"}],"curies":[{"name":"wp","href":"https:\/\/api.w.org\/{rel}","templated":true}]}}