{"id":337,"date":"2020-07-13T08:19:07","date_gmt":"2020-07-13T08:19:07","guid":{"rendered":"https:\/\/tasimaliegitim.com\/blog\/?p=337"},"modified":"2020-07-13T08:38:10","modified_gmt":"2020-07-13T08:38:10","slug":"2020-yili-tasimali-egitim-araclarinda-aranacak-sartlar","status":"publish","type":"post","link":"https:\/\/tasimaliegitim.com\/blog\/2020-yili-tasimali-egitim-araclarinda-aranacak-sartlar\/","title":{"rendered":"2020 y\u0131l\u0131 Ta\u015f\u0131mal\u0131 e\u011fitim ara\u00e7lar\u0131nda aranacak \u015fartlar"},"content":{"rendered":"\n<p>2020 Ta\u015f\u0131mal\u0131 e\u011fitim okul servisleri ara\u00e7lar\u0131nda aranacak \u015fartlar belli oldu asa\u011f\u0131daki maddeleri tek tek inceleyebilirsiniz. bu \u015fartlar\u0131n d\u0131\u015f\u0131nda veya bu \u015fartlar kapsam\u0131nda de\u011fi\u015fiklik takdiri idareye ba\u011fl\u0131d\u0131r.<\/p>\n\n\n\n<p>idare hangi kapsamda bu \u015fartlar\u0131 kald\u0131rabilir yada ekleyebilir. b\u00f6lgesel zorunlu durumlarda idare baz\u0131 ibareleri kald\u0131rabilir baz\u0131 ibareleri ekleyebilir.  <\/p>\n\n\n\n<p><a href=\"https:\/\/tasimaliegitim.com\/users\/maliyet-karsilastir\">https:\/\/tasimaliegitim.com\/users\/maliyet-karsilastir<\/a> (2019-2020 y\u0131l\u0131 maliyet hesaplama sistemi de\u011fi\u015fti linkten yeni sistemle hesaplama yapabilir yada kars\u0131last\u0131rabilirsiniz.)<\/p>\n\n\n\n<p>\u00f6rne\u011fin; bir ta\u015f\u0131ma b\u00f6lgesinde okul ta\u015f\u0131t yaz\u0131s\u0131n\u0131 kald\u0131ramaz bu zorunludur ama koltuk sens\u00f6r\u00fc maliyetli bir sistem oldu\u011fu i\u00e7in bunu idare \u015fartnameye koymayabilir.<\/p>\n\n\n\n<p>bu y\u0131l ara\u00e7 ya\u015f\u0131nda d\u00fczenlemeye gidildi. a\u015fa\u011f\u0131daki maddeleri inceleyebilirsiniz. \u00f6nemli olanlar\u0131 siyah renkle kal\u0131nla\u015ft\u0131rd\u0131k.<\/p>\n\n\n\n<blockquote class=\"wp-block-quote is-layout-flow wp-block-quote-is-layout-flow\"><p>2.1) Ta\u015f\u0131mal\u0131 e\u011fitim ara\u00e7lar\u0131n\u0131n arkas\u0131nda &#8220;<strong>OKUL TA\u015eITI&#8221; yaz\u0131s\u0131<\/strong> numunesine uygun renk, ebat ve \u015fekilde yans\u0131t\u0131c\u0131 bir ku\u015fak bulunacakt\u0131r. (EK-1\/1, EK-1\/2)&nbsp;&nbsp;&nbsp;<\/p><\/blockquote>\n\n\n\n<blockquote class=\"wp-block-quote is-layout-flow wp-block-quote-is-layout-flow\"><p>&nbsp;2.2) Ta\u015f\u0131mal\u0131 e\u011fitim ara\u00e7lar\u0131n\u0131n arkas\u0131nda, ini\u015f ve bini\u015fleri s\u0131ras\u0131nda yak\u0131lmak \u00fczere enaz 30 cm \u00e7ap\u0131nda k\u0131rm\u0131z\u0131 \u0131\u015f\u0131k veren bir lamba bulunacak ve bu lamban\u0131n yak\u0131lmas\u0131 halinde \u00fczerinde siyah renkte b\u00fcy\u00fck harflerle <strong>&#8220;DUR&#8221; yaz\u0131s\u0131<\/strong> okunacak, lamban\u0131n yak\u0131l\u0131p s\u00f6nd\u00fcr\u00fclmesi tertibat\u0131 fren lambalar\u0131ndan ayr\u0131 olacakt\u0131r. (EK-2)<\/p><\/blockquote>\n\n\n\n<blockquote class=\"wp-block-quote is-layout-flow wp-block-quote-is-layout-flow\"><p> 2.3) Ta\u015f\u0131mal\u0131 e\u011fitim ara\u00e7lar\u0131n\u0131n arkas\u0131ndaki \u201cOKUL TA\u015eITI\u201d tabelas\u0131n\u0131n \u00fcst k\u0131sm\u0131na, okunabilecek \u015fekilde <em>\u201cS\u00fcr\u00fcc\u00fc hatalar\u0131n\u0131 \u2026\u2026\u2026\u2026\u2026. il\/il\u00e7e mill\u00ee e\u011fitim m\u00fcd\u00fcrl\u00fc\u011f\u00fcn\u00fcn \u2026\u2026\u2026\u2026\u2026\u2026\u2026.. <strong>telefon numaras\u0131na bildiriniz<\/strong>.\u201d<\/em> ibaresi yaz\u0131lacakt\u0131r.<\/p><\/blockquote>\n\n\n\n<blockquote class=\"wp-block-quote is-layout-flow wp-block-quote-is-layout-flow\"><p>&nbsp;&nbsp;&nbsp;&nbsp;&nbsp;&nbsp;&nbsp;&nbsp; &nbsp;&nbsp; 2.4) Ta\u015f\u0131mal\u0131 e\u011fitim ara\u00e7lar\u0131 olarak kullan\u0131lacak ta\u015f\u0131tlarda, \u00f6\u011frencilerin kolayca yeti\u015febilece\u011fi camlar ve pencereler sabit olacak, i\u00e7 d\u00fczenlemesinde demir aksam a\u00e7\u0131kta olmayacak, varsa yaralanmaya sebebiyet vermeyecek yumu\u015fak bir madde ile kaplanacakt\u0131r. Engelli \u00f6\u011frencileri ta\u015f\u0131yacak olan ta\u015f\u0131mal\u0131 e\u011fitim ara\u00e7lar\u0131 ayr\u0131ca 01\/07\/2005 tarihli ve 5378 say\u0131l\u0131 Engelliler Hakk\u0131nda Kanun ve bu Kanun\u2019a dayal\u0131 olarak \u00e7\u0131kar\u0131lan ikincil mevzuata uygun olacakt\u0131r.&nbsp;<\/p><\/blockquote>\n\n\n\n<p>&nbsp;&nbsp;&nbsp;&nbsp;&nbsp;&nbsp;&nbsp;&nbsp;&nbsp;&nbsp;&nbsp; Ortopedik engelli \u00f6\u011frencilerin ta\u015f\u0131nmas\u0131nda, \u00f6\u011frencilerin fiziksel engelleri g\u00f6z \u00f6n\u00fcnde bulundurularak rahat bir \u015fekilde inip binmelerini sa\u011flayacak uygun projeli katlanabilir liftli ve asans\u00f6r monteli donan\u0131ml\u0131 ara\u00e7lar kullan\u0131lacak olup, s\u00f6z konusu donan\u0131mlar\u0131n ara\u00e7 ruhsatlar\u0131na i\u015flenmi\u015f olmas\u0131 gerekmektedir.<\/p>\n\n\n\n<p>&nbsp;&nbsp;&nbsp;&nbsp;&nbsp; &nbsp;&nbsp;&nbsp;&nbsp;&nbsp; 2.5) Ta\u015f\u0131mal\u0131 e\u011fitim ara\u00e7lar\u0131 26\/10\/2016 tarihli ve 29869 say\u0131l\u0131 Resm\u00ee Gazete\u2019de yay\u0131mlanan Ara\u00e7lar\u0131n \u0130mal, Tadil ve Montaj\u0131 Hakk\u0131nda Y\u00f6netmelik ile Karayollar\u0131 Trafik Y\u00f6netmeli\u011fi\u2019nde belirtilen standart, nitelik ve say\u0131da ara\u00e7, gere\u00e7 ve malzemeler her an kullan\u0131labilir durumda bulundurulacakt\u0131r.<\/p>\n\n\n\n<p>&nbsp;&nbsp;&nbsp;&nbsp;&nbsp;&nbsp;&nbsp;&nbsp; &nbsp;&nbsp; 2.6) Ta\u015f\u0131mal\u0131 e\u011fitim <strong>ara\u00e7lar\u0131n kap\u0131lar\u0131 s\u00fcr\u00fcc\u00fc taraf\u0131ndan a\u00e7\u0131l\u0131p kapat\u0131labilecek \u015fekilde otomatik <\/strong>(haval\u0131, hidrolikli vb.) olabilece\u011fi gibi, ara\u00e7 s\u00fcr\u00fcc\u00fcs\u00fc taraf\u0131ndan elle kumanda edilebilecek \u015fekilde (mekanik) de olabilecektir. Otomatik oldu\u011fu takdirde, kap\u0131lar\u0131n a\u00e7\u0131k veya kapal\u0131 oldu\u011fu \u015fof\u00f6re optik ve\/veya akustik sinyallerle intikal edecek \u015fekilde olacakt\u0131r.<\/p>\n\n\n\n<p>&nbsp;&nbsp;&nbsp;&nbsp;&nbsp;&nbsp;&nbsp; &nbsp;&nbsp;&nbsp; &nbsp;2.7) Ta\u015f\u0131mal\u0131 e\u011fitim ara\u00e7lar\u0131 olarak kullan\u0131lacak ta\u015f\u0131tlar temiz, bak\u0131ml\u0131 ve g\u00fcvenli durumda bulundurulacak ve alt\u0131 ayda bir bak\u0131m ve onar\u0131mlar\u0131 yapt\u0131r\u0131lmakla birlikte, ta\u015f\u0131tlar\u0131n cinsine g\u00f6re Karayollar\u0131 Trafik Y\u00f6netmeli\u011fi\u2019nin \u00f6ng\u00f6rd\u00fc\u011f\u00fc <strong>periyodik muayeneleri de yapt\u0131r\u0131lm\u0131\u015f <\/strong>olacakt\u0131r (EK-3).<\/p>\n\n\n\n<p>&nbsp;&nbsp;&nbsp;&nbsp;&nbsp;&nbsp;&nbsp;&nbsp;&nbsp; &nbsp; 2.8) Ta\u015f\u0131mal\u0131 e\u011fitim arac\u0131 olarak kullan\u0131lacak ta\u015f\u0131tlar\u0131n ya\u015flar\u0131 on iki ya\u015f\u0131ndan b\u00fcy\u00fck olmayacakt\u0131r. Ta\u015f\u0131tlar\u0131n ya\u015f\u0131 fabrikas\u0131nca imal edildi\u011fi tarihten sonra gelen ilk takvim y\u0131l\u0131 esas al\u0131narak hesaplanacakt\u0131r. <strong>2019 ve 2020 y\u0131llar\u0131 itibar\u0131yla on iki ya\u015f\u0131n\u0131 bitirecek ve ta\u015f\u0131mal\u0131 e\u011fitim arac\u0131 olarak kullan\u0131lacak ta\u015f\u0131tlarda, muayeneden ge\u00e7mi\u015f olmas\u0131 kayd\u0131yla yukar\u0131da belirtilen \u015fart&nbsp;01\/07\/2021&nbsp;tarihine kadar aranmayacakt\u0131r.<\/strong><\/p>\n\n\n\n<p>2.9) Ta\u015f\u0131mal\u0131 e\u011fitim ara\u00e7lar\u0131n\u0131n \u0130mal, Tadil ve Montaj\u0131 Hakk\u0131nda Y\u00f6netmelik h\u00fck\u00fcmlerine g\u00f6re tayin edilen ve o ta\u015f\u0131mal\u0131 e\u011fitim arac\u0131na ait tescil belgelerinde g\u00f6sterilen oturulacak yer adedi, arac\u0131n i\u00e7erisine g\u00f6r\u00fclebilecek bir yere yaz\u0131larak sabit \u015fekilde monte edilecektir.<\/p>\n\n\n\n<p>2.10) Ger\u00e7ek ve t\u00fczel ki\u015fi ve kurulu\u015flara ait ta\u015f\u0131mal\u0131 e\u011fitim ara\u00e7lar\u0131 olarak te\u00e7hiz edilmi\u015f ara\u00e7lar, taahh\u00fct ettikleri \u00f6\u011frenci ta\u015f\u0131ma hizmetlerini aksatmamak kayd\u0131yla, personel servis ta\u015f\u0131ma faaliyetlerinde de kullan\u0131labilir. Ancak, bu ta\u015f\u0131ma esnas\u0131nda ta\u015f\u0131mal\u0131 e\u011fitim ara\u00e7lar\u0131na ait \u0131\u015f\u0131kl\u0131 i\u015faretlerin \u015fof\u00f6rler taraf\u0131ndan kullan\u0131lmas\u0131 yasakt\u0131r.<\/p>\n\n\n\n<p>&nbsp;&nbsp;&nbsp;&nbsp;&nbsp;&nbsp;&nbsp;&nbsp; &nbsp;&nbsp; 2.11) Ta\u015f\u0131mal\u0131 e\u011fitim ara\u00e7lar\u0131 \u0130mal, Tadil ve Montaj\u0131 Hakk\u0131nda Y\u00f6netmelik h\u00fck\u00fcmlerine uygun olacakt\u0131r.<\/p>\n\n\n\n<p>&nbsp; &nbsp;&nbsp;&nbsp;&nbsp;&nbsp;&nbsp;&nbsp;&nbsp;&nbsp; 2.12) Ta\u015f\u0131mal\u0131 e\u011fitim ara\u00e7lar\u0131nda <strong>g\u00f6r\u00fcnt\u00fc ve m\u00fczik sistemleri, ta\u015f\u0131ma hizmeti s\u0131ras\u0131nda<\/strong> kullan\u0131lmayacakt\u0131r.<\/p>\n\n\n\n<p>&nbsp; &nbsp;&nbsp;&nbsp;&nbsp;&nbsp;&nbsp;&nbsp;&nbsp;&nbsp; 2.13) Ta\u015f\u0131mal\u0131 e\u011fitim ara\u00e7lar\u0131nda <strong>yaz\u0131n serin, k\u0131\u015f\u0131n s\u0131cak ortam sa\u011flayacak sistemle<\/strong>r bulundurulacakt\u0131r.<\/p>\n\n\n\n<p>&nbsp; &nbsp;&nbsp;&nbsp;&nbsp;&nbsp;&nbsp;&nbsp;&nbsp;&nbsp; 2.14) Ta\u015f\u0131mal\u0131 e\u011fitim ara\u00e7lar\u0131nda <strong>ara\u00e7 takip sistemi bulundurulacakt\u0131r. <\/strong>Kay\u0131tlar en az<em><strong> otuz g\u00fcn<\/strong><\/em> muhafaza edilecektir.<\/p>\n\n\n\n<p>&nbsp;&nbsp;&nbsp;&nbsp;&nbsp;&nbsp;&nbsp;&nbsp;&nbsp;&nbsp; 2.15) Ta\u015f\u0131mal\u0131 e\u011fitim ara\u00e7lar\u0131nda her \u00f6\u011frenci i\u00e7in <strong>emniyet kemeri<\/strong> ve gerekli koruyucu tertibat bulundurulacakt\u0131r.<\/p>\n\n\n\n<p>&nbsp;&nbsp;&nbsp;&nbsp;&nbsp;&nbsp;&nbsp;&nbsp;&nbsp; &nbsp; 2.16) Ta\u015f\u0131mal\u0131 e\u011fitim ara\u00e7lar\u0131nda, fabrika \u00e7\u0131k\u0131\u015fl\u0131 camlar d\u0131\u015f\u0131nda renkli cam kullan\u0131lmas\u0131 ve camlar\u0131n\u0131n \u00fczerine <strong>renkli film<\/strong> tabakalar\u0131 yap\u0131\u015ft\u0131r\u0131lmas\u0131 yasakt\u0131r.<\/p>\n\n\n\n<p>&nbsp; &nbsp;&nbsp;&nbsp;&nbsp;&nbsp;&nbsp;&nbsp;&nbsp;&nbsp; 2.17) Propaganda t\u00fcr\u00fcnde <strong>pankart, afi\u015f, reklam unsuru nesneler<\/strong> ta\u015f\u0131yan ara\u00e7lar ta\u015f\u0131mal\u0131 e\u011fitim uygulamas\u0131ndaki \u00f6\u011frenci ta\u015f\u0131ma i\u015finde \u00e7al\u0131\u015ft\u0131r\u0131lamaz.<\/p>\n\n\n\n<p>&nbsp;&nbsp;&nbsp;&nbsp;&nbsp;&nbsp;&nbsp;&nbsp; &nbsp;&nbsp; 2.18) Ta\u015f\u0131mal\u0131 e\u011fitim ara\u00e7lar\u0131nda sa\u011fl\u0131k \u00e7antas\u0131 (ilk yard\u0131m malzemeleri) ve <strong>trafik seti <\/strong>bulundurulmas\u0131 zorunludur.<\/p>\n\n\n\n<p>&nbsp;&nbsp;&nbsp;&nbsp;&nbsp;&nbsp;&nbsp;&nbsp;&nbsp;&nbsp;&nbsp; 2.19)&nbsp; Ta\u015f\u0131nan \u00f6\u011frencilerin i\u00e7erisinde bedensel engeli bulunan \u00f6\u011frenci olmas\u0131 halinde s\u00f6z konusu \u00f6\u011frencilerin inip binmesini kolayla\u015ft\u0131racak aparat (rampa) ve kap\u0131 a\u00e7\u0131ld\u0131\u011f\u0131nda<strong> otomatik olarak a\u00e7\u0131lan merdiven<\/strong> bulundurulacakt\u0131r.<\/p>\n\n\n\n<p>&nbsp;&nbsp;&nbsp;&nbsp;&nbsp;&nbsp;&nbsp;&nbsp;&nbsp;&nbsp;&nbsp; 2.20)&nbsp; Ta\u015f\u0131mal\u0131 e\u011fitim ara\u00e7lar\u0131nda minib\u00fcslerde <strong>1 adet 2 kg, yolcu kapasitesi 26 ki\u015fiye kadar olan otob\u00fcslerde 2 adet 2 kg, yolcu kapasitesi 26 ki\u015finin \u00fcst\u00fcnde olan otob\u00fcslerde 2 adet 6 kg.\u2019l\u0131k yang\u0131n s\u00f6nd\u00fcrme cihaz\u0131<\/strong> bulundurulacakt\u0131r. Yang\u0131n s\u00f6nd\u00fcrme cihazlar\u0131n\u0131n muayene\/ bak\u0131m ve yeniden dolum i\u015flemleri, 19\/04\/2011 tarihli ve 27910 say\u0131l\u0131 Resm\u00ee Gazete\u2019de yay\u0131mlanan \u00d6SG-2011\/09 numaral\u0131 Mecburi Standart Tebli\u011fi\u2019nin 3. maddesinin 1. f\u0131kras\u0131nda belirtildi\u011fi \u015fekilde \u201cTSE Hizmet Yeterlilik Belgesi\u201d alm\u0131\u015f i\u015f yerlerinde ve TS 11827 zorunlu standard\u0131nda yer alan gereklilikler kapsam\u0131nda ger\u00e7ekle\u015ftirilecek ve belgelendirilecektir. Son periyodik muayene formu s\u00f6zle\u015fme imzaland\u0131ktan sonra 10 g\u00fcn i\u00e7eresinde verilecek olup ayr\u0131ca her alt\u0131 ayda bir yenilenen periyodik muayene formu okul\/kurum m\u00fcd\u00fcrl\u00fcklerine verilecektir.<\/p>\n\n\n\n<p>&nbsp;&nbsp;&nbsp;&nbsp;&nbsp;&nbsp;&nbsp;&nbsp;&nbsp;&nbsp;&nbsp; 2.21) Ula\u015ft\u0131rma Denizcilik ve Haberle\u015fme Bakanl\u0131\u011f\u0131, Karayollar\u0131 D\u00fczenleme Genel M\u00fcd\u00fcrl\u00fc\u011f\u00fcn\u00fcn (2013\/KDGM- 03\/Denetim) K\u0131\u015f lastikleri Genelgesi\u2019nin \u201cDenetimlerde Uygulanacak Usul Ve Esaslar\u201d ba\u015fl\u0131kl\u0131 2\u2019nci b\u00f6l\u00fcm\u00fcn\u00fcn (a) bendi gere\u011fince, minib\u00fcs t\u00fcr\u00fc ara\u00e7larda&nbsp; (M+S) veya (M+S) i\u015fareti ile birlikte snowflake&nbsp; (<a href=\"http:\/\/www.google.com.tr\/url?sa=i&amp;rct=j&amp;q=&amp;esrc=s&amp;frm=1&amp;source=images&amp;cd=&amp;cad=rja&amp;uact=8&amp;ved=0CAQQjRw&amp;url=http:\/\/amelieandfriends.com\/home\/attachment\/snowflake\/&amp;ei=s-2pU9PqLpHX7Aaj9YHwAg&amp;bvm=bv.69620078,d.ZGU&amp;psig=AFQjCNGJ5FNWP3XN-nNTRkBHpDJCHUUaZA&amp;ust=1403731763925184\"> <\/a>) i\u015fareti bulunan <strong>k\u0131\u015f lastikler<\/strong>i (4 Lastik) 1 Aral\u0131k \u2013 1 Nisan tarihleri aras\u0131nda kullan\u0131lmak zorundad\u0131r. (B\u00f6lgelere g\u00f6re de\u011fi\u015fiklik g\u00f6sterebilir.)<\/p>\n\n\n\n<p>2.22) Ta\u015f\u0131ma yapacak t\u00fcm ara\u00e7larda, y\u00fcksek sesli (\u00f6\u011frencilerin duyabilece\u011fi \u015fekilde) m\u00fcziksiz ( bip-bip) model alarm geri vites uyar\u0131 sens\u00f6r\u00fc bulunacakt\u0131r. 2.23) Y\u00fcklenici firma ara\u00e7lar\u0131n \u00f6n\u00fcne, hangi okulun ve <strong>hatt\u0131n ta\u015f\u0131mas\u0131n\u0131 yapt\u0131\u011f\u0131na dair levha <\/strong>koyacakt\u0131r.<\/p>\n\n\n\n<p>bu yaz\u0131m\u0131z\u0131 be\u011fendiyseniz l\u00fctfen paylasal\u0131m. sayfam\u0131z\u0131 takip edelim.<\/p>\n\n\n\n<p>te\u015fekk\u00fcrler \u00fccretsiz  ta\u015f\u0131mal\u0131 e\u011fitim platformu<\/p>\n","protected":false},"excerpt":{"rendered":"<p>2020 Ta\u015f\u0131mal\u0131 e\u011fitim okul servisleri ara\u00e7lar\u0131nda aranacak \u015fartlar belli oldu asa\u011f\u0131daki maddeleri tek tek inceleyebilirsiniz. bu \u015fartlar\u0131n d\u0131\u015f\u0131nda veya bu \u015fartlar kapsam\u0131nda de\u011fi\u015fiklik takdiri idareye ba\u011fl\u0131d\u0131r. idare hangi kapsamda bu \u015fartlar\u0131 kald\u0131rabilir yada ekleyebilir. b\u00f6lgesel zorunlu durumlarda idare baz\u0131 ibareleri kald\u0131rabilir baz\u0131 ibareleri ekleyebilir. https:\/\/tasimaliegitim.com\/users\/maliyet-karsilastir (2019-2020 y\u0131l\u0131 maliyet hesaplama sistemi de\u011fi\u015fti linkten yeni sistemle hesaplama&#8230;<\/p>\n","protected":false},"author":2,"featured_media":338,"comment_status":"open","ping_status":"closed","sticky":false,"template":"","format":"standard","meta":{"footnotes":""},"categories":[3],"tags":[65,63,64],"class_list":["post-337","post","type-post","status-publish","format-standard","has-post-thumbnail","hentry","category-tasimali","tag-okul-servisi-arac-yasi","tag-okul-servisi-tasit-sartlari","tag-tasimali-egitim-arac-yasi-kalkti"],"yoast_head":"<!-- This site is optimized with the Yoast SEO plugin v27.0 - https:\/\/yoast.com\/product\/yoast-seo-wordpress\/ -->\n<title>2020 y\u0131l\u0131 Ta\u015f\u0131mal\u0131 e\u011fitim ara\u00e7lar\u0131nda aranacak \u015fartlar | Ta\u015f\u0131mal\u0131 E\u011fitim Blog<\/title>\n<meta name=\"robots\" content=\"index, follow, max-snippet:-1, max-image-preview:large, max-video-preview:-1\" \/>\n<link rel=\"canonical\" href=\"https:\/\/tasimaliegitim.com\/blog\/2020-yili-tasimali-egitim-araclarinda-aranacak-sartlar\/\" \/>\n<meta property=\"og:locale\" content=\"tr_TR\" \/>\n<meta property=\"og:type\" content=\"article\" \/>\n<meta property=\"og:title\" content=\"2020 y\u0131l\u0131 Ta\u015f\u0131mal\u0131 e\u011fitim ara\u00e7lar\u0131nda aranacak \u015fartlar | Ta\u015f\u0131mal\u0131 E\u011fitim Blog\" \/>\n<meta property=\"og:description\" content=\"2020 Ta\u015f\u0131mal\u0131 e\u011fitim okul servisleri ara\u00e7lar\u0131nda aranacak \u015fartlar belli oldu asa\u011f\u0131daki maddeleri tek tek inceleyebilirsiniz. bu \u015fartlar\u0131n d\u0131\u015f\u0131nda veya bu \u015fartlar kapsam\u0131nda de\u011fi\u015fiklik takdiri idareye ba\u011fl\u0131d\u0131r. idare hangi kapsamda bu \u015fartlar\u0131 kald\u0131rabilir yada ekleyebilir. b\u00f6lgesel zorunlu durumlarda idare baz\u0131 ibareleri kald\u0131rabilir baz\u0131 ibareleri ekleyebilir. https:\/\/tasimaliegitim.com\/users\/maliyet-karsilastir (2019-2020 y\u0131l\u0131 maliyet hesaplama sistemi de\u011fi\u015fti linkten yeni sistemle hesaplama...\" \/>\n<meta property=\"og:url\" content=\"https:\/\/tasimaliegitim.com\/blog\/2020-yili-tasimali-egitim-araclarinda-aranacak-sartlar\/\" \/>\n<meta property=\"og:site_name\" content=\"Ta\u015f\u0131mal\u0131 E\u011fitim Blog\" \/>\n<meta property=\"article:published_time\" content=\"2020-07-13T08:19:07+00:00\" \/>\n<meta property=\"article:modified_time\" content=\"2020-07-13T08:38:10+00:00\" \/>\n<meta property=\"og:image\" content=\"https:\/\/tasimaliegitim.com\/blog\/wp-content\/uploads\/2020\/07\/Untitled-2.jpg\" \/>\n\t<meta property=\"og:image:width\" content=\"800\" \/>\n\t<meta property=\"og:image:height\" content=\"518\" \/>\n\t<meta property=\"og:image:type\" content=\"image\/jpeg\" \/>\n<meta name=\"author\" content=\"admin\" \/>\n<meta name=\"twitter:card\" content=\"summary_large_image\" \/>\n<meta name=\"twitter:label1\" content=\"Yazan:\" \/>\n\t<meta name=\"twitter:data1\" content=\"admin\" \/>\n\t<meta name=\"twitter:label2\" content=\"Tahmini okuma s\u00fcresi\" \/>\n\t<meta name=\"twitter:data2\" content=\"7 dakika\" \/>\n<script type=\"application\/ld+json\" class=\"yoast-schema-graph\">{\"@context\":\"https:\/\/schema.org\",\"@graph\":[{\"@type\":\"Article\",\"@id\":\"https:\/\/tasimaliegitim.com\/blog\/2020-yili-tasimali-egitim-araclarinda-aranacak-sartlar\/#article\",\"isPartOf\":{\"@id\":\"https:\/\/tasimaliegitim.com\/blog\/2020-yili-tasimali-egitim-araclarinda-aranacak-sartlar\/\"},\"author\":{\"name\":\"admin\",\"@id\":\"https:\/\/tasimaliegitim.com\/blog\/#\/schema\/person\/f0b2a53e96774623e2ea0973366f418e\"},\"headline\":\"2020 y\u0131l\u0131 Ta\u015f\u0131mal\u0131 e\u011fitim ara\u00e7lar\u0131nda aranacak \u015fartlar\",\"datePublished\":\"2020-07-13T08:19:07+00:00\",\"dateModified\":\"2020-07-13T08:38:10+00:00\",\"mainEntityOfPage\":{\"@id\":\"https:\/\/tasimaliegitim.com\/blog\/2020-yili-tasimali-egitim-araclarinda-aranacak-sartlar\/\"},\"wordCount\":1475,\"commentCount\":0,\"publisher\":{\"@id\":\"https:\/\/tasimaliegitim.com\/blog\/#organization\"},\"image\":{\"@id\":\"https:\/\/tasimaliegitim.com\/blog\/2020-yili-tasimali-egitim-araclarinda-aranacak-sartlar\/#primaryimage\"},\"thumbnailUrl\":\"https:\/\/tasimaliegitim.com\/blog\/wp-content\/uploads\/2020\/07\/Untitled-2.jpg\",\"keywords\":[\"okul servisi ara\u00e7 ya\u015f\u0131\",\"okul servisi ta\u015f\u0131t sartlar\u0131\",\"ta\u015f\u0131mal\u0131 e\u011fitim ara\u00e7 ya\u015f\u0131 kalkt\u0131\"],\"articleSection\":[\"Okul Servisleri\"],\"inLanguage\":\"tr\",\"potentialAction\":[{\"@type\":\"CommentAction\",\"name\":\"Comment\",\"target\":[\"https:\/\/tasimaliegitim.com\/blog\/2020-yili-tasimali-egitim-araclarinda-aranacak-sartlar\/#respond\"]}]},{\"@type\":\"WebPage\",\"@id\":\"https:\/\/tasimaliegitim.com\/blog\/2020-yili-tasimali-egitim-araclarinda-aranacak-sartlar\/\",\"url\":\"https:\/\/tasimaliegitim.com\/blog\/2020-yili-tasimali-egitim-araclarinda-aranacak-sartlar\/\",\"name\":\"2020 y\u0131l\u0131 Ta\u015f\u0131mal\u0131 e\u011fitim ara\u00e7lar\u0131nda aranacak \u015fartlar | Ta\u015f\u0131mal\u0131 E\u011fitim Blog\",\"isPartOf\":{\"@id\":\"https:\/\/tasimaliegitim.com\/blog\/#website\"},\"primaryImageOfPage\":{\"@id\":\"https:\/\/tasimaliegitim.com\/blog\/2020-yili-tasimali-egitim-araclarinda-aranacak-sartlar\/#primaryimage\"},\"image\":{\"@id\":\"https:\/\/tasimaliegitim.com\/blog\/2020-yili-tasimali-egitim-araclarinda-aranacak-sartlar\/#primaryimage\"},\"thumbnailUrl\":\"https:\/\/tasimaliegitim.com\/blog\/wp-content\/uploads\/2020\/07\/Untitled-2.jpg\",\"datePublished\":\"2020-07-13T08:19:07+00:00\",\"dateModified\":\"2020-07-13T08:38:10+00:00\",\"breadcrumb\":{\"@id\":\"https:\/\/tasimaliegitim.com\/blog\/2020-yili-tasimali-egitim-araclarinda-aranacak-sartlar\/#breadcrumb\"},\"inLanguage\":\"tr\",\"potentialAction\":[{\"@type\":\"ReadAction\",\"target\":[\"https:\/\/tasimaliegitim.com\/blog\/2020-yili-tasimali-egitim-araclarinda-aranacak-sartlar\/\"]}]},{\"@type\":\"ImageObject\",\"inLanguage\":\"tr\",\"@id\":\"https:\/\/tasimaliegitim.com\/blog\/2020-yili-tasimali-egitim-araclarinda-aranacak-sartlar\/#primaryimage\",\"url\":\"https:\/\/tasimaliegitim.com\/blog\/wp-content\/uploads\/2020\/07\/Untitled-2.jpg\",\"contentUrl\":\"https:\/\/tasimaliegitim.com\/blog\/wp-content\/uploads\/2020\/07\/Untitled-2.jpg\",\"width\":800,\"height\":518},{\"@type\":\"BreadcrumbList\",\"@id\":\"https:\/\/tasimaliegitim.com\/blog\/2020-yili-tasimali-egitim-araclarinda-aranacak-sartlar\/#breadcrumb\",\"itemListElement\":[{\"@type\":\"ListItem\",\"position\":1,\"name\":\"Home\",\"item\":\"https:\/\/tasimaliegitim.com\/blog\/\"},{\"@type\":\"ListItem\",\"position\":2,\"name\":\"2020 y\u0131l\u0131 Ta\u015f\u0131mal\u0131 e\u011fitim ara\u00e7lar\u0131nda aranacak \u015fartlar\"}]},{\"@type\":\"WebSite\",\"@id\":\"https:\/\/tasimaliegitim.com\/blog\/#website\",\"url\":\"https:\/\/tasimaliegitim.com\/blog\/\",\"name\":\"Ta\u015f\u0131mal\u0131 E\u011fitim Blog\",\"description\":\"\",\"publisher\":{\"@id\":\"https:\/\/tasimaliegitim.com\/blog\/#organization\"},\"potentialAction\":[{\"@type\":\"SearchAction\",\"target\":{\"@type\":\"EntryPoint\",\"urlTemplate\":\"https:\/\/tasimaliegitim.com\/blog\/?s={search_term_string}\"},\"query-input\":{\"@type\":\"PropertyValueSpecification\",\"valueRequired\":true,\"valueName\":\"search_term_string\"}}],\"inLanguage\":\"tr\"},{\"@type\":\"Organization\",\"@id\":\"https:\/\/tasimaliegitim.com\/blog\/#organization\",\"name\":\"ta\u015f\u0131mal\u0131 e\u011fitim\",\"url\":\"https:\/\/tasimaliegitim.com\/blog\/\",\"logo\":{\"@type\":\"ImageObject\",\"inLanguage\":\"tr\",\"@id\":\"https:\/\/tasimaliegitim.com\/blog\/#\/schema\/logo\/image\/\",\"url\":\"https:\/\/tasimaliegitim.com\/blog\/wp-content\/uploads\/2019\/09\/logo-3.png\",\"contentUrl\":\"https:\/\/tasimaliegitim.com\/blog\/wp-content\/uploads\/2019\/09\/logo-3.png\",\"width\":216,\"height\":57,\"caption\":\"ta\u015f\u0131mal\u0131 e\u011fitim\"},\"image\":{\"@id\":\"https:\/\/tasimaliegitim.com\/blog\/#\/schema\/logo\/image\/\"}},{\"@type\":\"Person\",\"@id\":\"https:\/\/tasimaliegitim.com\/blog\/#\/schema\/person\/f0b2a53e96774623e2ea0973366f418e\",\"name\":\"admin\",\"image\":{\"@type\":\"ImageObject\",\"inLanguage\":\"tr\",\"@id\":\"https:\/\/tasimaliegitim.com\/blog\/#\/schema\/person\/image\/\",\"url\":\"https:\/\/secure.gravatar.com\/avatar\/b0136991bbc1f5b7411487ffe4ff0eb3e510b382cf7e429f5f00f3e801a85223?s=96&d=mm&r=g\",\"contentUrl\":\"https:\/\/secure.gravatar.com\/avatar\/b0136991bbc1f5b7411487ffe4ff0eb3e510b382cf7e429f5f00f3e801a85223?s=96&d=mm&r=g\",\"caption\":\"admin\"},\"url\":\"https:\/\/tasimaliegitim.com\/blog\/author\/admin\/\"}]}<\/script>\n<!-- \/ Yoast SEO plugin. -->","yoast_head_json":{"title":"2020 y\u0131l\u0131 Ta\u015f\u0131mal\u0131 e\u011fitim ara\u00e7lar\u0131nda aranacak \u015fartlar | Ta\u015f\u0131mal\u0131 E\u011fitim Blog","robots":{"index":"index","follow":"follow","max-snippet":"max-snippet:-1","max-image-preview":"max-image-preview:large","max-video-preview":"max-video-preview:-1"},"canonical":"https:\/\/tasimaliegitim.com\/blog\/2020-yili-tasimali-egitim-araclarinda-aranacak-sartlar\/","og_locale":"tr_TR","og_type":"article","og_title":"2020 y\u0131l\u0131 Ta\u015f\u0131mal\u0131 e\u011fitim ara\u00e7lar\u0131nda aranacak \u015fartlar | Ta\u015f\u0131mal\u0131 E\u011fitim Blog","og_description":"2020 Ta\u015f\u0131mal\u0131 e\u011fitim okul servisleri ara\u00e7lar\u0131nda aranacak \u015fartlar belli oldu asa\u011f\u0131daki maddeleri tek tek inceleyebilirsiniz. bu \u015fartlar\u0131n d\u0131\u015f\u0131nda veya bu \u015fartlar kapsam\u0131nda de\u011fi\u015fiklik takdiri idareye ba\u011fl\u0131d\u0131r. idare hangi kapsamda bu \u015fartlar\u0131 kald\u0131rabilir yada ekleyebilir. b\u00f6lgesel zorunlu durumlarda idare baz\u0131 ibareleri kald\u0131rabilir baz\u0131 ibareleri ekleyebilir. https:\/\/tasimaliegitim.com\/users\/maliyet-karsilastir (2019-2020 y\u0131l\u0131 maliyet hesaplama sistemi de\u011fi\u015fti linkten yeni sistemle hesaplama...","og_url":"https:\/\/tasimaliegitim.com\/blog\/2020-yili-tasimali-egitim-araclarinda-aranacak-sartlar\/","og_site_name":"Ta\u015f\u0131mal\u0131 E\u011fitim Blog","article_published_time":"2020-07-13T08:19:07+00:00","article_modified_time":"2020-07-13T08:38:10+00:00","og_image":[{"width":800,"height":518,"url":"https:\/\/tasimaliegitim.com\/blog\/wp-content\/uploads\/2020\/07\/Untitled-2.jpg","type":"image\/jpeg"}],"author":"admin","twitter_card":"summary_large_image","twitter_misc":{"Yazan:":"admin","Tahmini okuma s\u00fcresi":"7 dakika"},"schema":{"@context":"https:\/\/schema.org","@graph":[{"@type":"Article","@id":"https:\/\/tasimaliegitim.com\/blog\/2020-yili-tasimali-egitim-araclarinda-aranacak-sartlar\/#article","isPartOf":{"@id":"https:\/\/tasimaliegitim.com\/blog\/2020-yili-tasimali-egitim-araclarinda-aranacak-sartlar\/"},"author":{"name":"admin","@id":"https:\/\/tasimaliegitim.com\/blog\/#\/schema\/person\/f0b2a53e96774623e2ea0973366f418e"},"headline":"2020 y\u0131l\u0131 Ta\u015f\u0131mal\u0131 e\u011fitim ara\u00e7lar\u0131nda aranacak \u015fartlar","datePublished":"2020-07-13T08:19:07+00:00","dateModified":"2020-07-13T08:38:10+00:00","mainEntityOfPage":{"@id":"https:\/\/tasimaliegitim.com\/blog\/2020-yili-tasimali-egitim-araclarinda-aranacak-sartlar\/"},"wordCount":1475,"commentCount":0,"publisher":{"@id":"https:\/\/tasimaliegitim.com\/blog\/#organization"},"image":{"@id":"https:\/\/tasimaliegitim.com\/blog\/2020-yili-tasimali-egitim-araclarinda-aranacak-sartlar\/#primaryimage"},"thumbnailUrl":"https:\/\/tasimaliegitim.com\/blog\/wp-content\/uploads\/2020\/07\/Untitled-2.jpg","keywords":["okul servisi ara\u00e7 ya\u015f\u0131","okul servisi ta\u015f\u0131t sartlar\u0131","ta\u015f\u0131mal\u0131 e\u011fitim ara\u00e7 ya\u015f\u0131 kalkt\u0131"],"articleSection":["Okul Servisleri"],"inLanguage":"tr","potentialAction":[{"@type":"CommentAction","name":"Comment","target":["https:\/\/tasimaliegitim.com\/blog\/2020-yili-tasimali-egitim-araclarinda-aranacak-sartlar\/#respond"]}]},{"@type":"WebPage","@id":"https:\/\/tasimaliegitim.com\/blog\/2020-yili-tasimali-egitim-araclarinda-aranacak-sartlar\/","url":"https:\/\/tasimaliegitim.com\/blog\/2020-yili-tasimali-egitim-araclarinda-aranacak-sartlar\/","name":"2020 y\u0131l\u0131 Ta\u015f\u0131mal\u0131 e\u011fitim ara\u00e7lar\u0131nda aranacak \u015fartlar | Ta\u015f\u0131mal\u0131 E\u011fitim Blog","isPartOf":{"@id":"https:\/\/tasimaliegitim.com\/blog\/#website"},"primaryImageOfPage":{"@id":"https:\/\/tasimaliegitim.com\/blog\/2020-yili-tasimali-egitim-araclarinda-aranacak-sartlar\/#primaryimage"},"image":{"@id":"https:\/\/tasimaliegitim.com\/blog\/2020-yili-tasimali-egitim-araclarinda-aranacak-sartlar\/#primaryimage"},"thumbnailUrl":"https:\/\/tasimaliegitim.com\/blog\/wp-content\/uploads\/2020\/07\/Untitled-2.jpg","datePublished":"2020-07-13T08:19:07+00:00","dateModified":"2020-07-13T08:38:10+00:00","breadcrumb":{"@id":"https:\/\/tasimaliegitim.com\/blog\/2020-yili-tasimali-egitim-araclarinda-aranacak-sartlar\/#breadcrumb"},"inLanguage":"tr","potentialAction":[{"@type":"ReadAction","target":["https:\/\/tasimaliegitim.com\/blog\/2020-yili-tasimali-egitim-araclarinda-aranacak-sartlar\/"]}]},{"@type":"ImageObject","inLanguage":"tr","@id":"https:\/\/tasimaliegitim.com\/blog\/2020-yili-tasimali-egitim-araclarinda-aranacak-sartlar\/#primaryimage","url":"https:\/\/tasimaliegitim.com\/blog\/wp-content\/uploads\/2020\/07\/Untitled-2.jpg","contentUrl":"https:\/\/tasimaliegitim.com\/blog\/wp-content\/uploads\/2020\/07\/Untitled-2.jpg","width":800,"height":518},{"@type":"BreadcrumbList","@id":"https:\/\/tasimaliegitim.com\/blog\/2020-yili-tasimali-egitim-araclarinda-aranacak-sartlar\/#breadcrumb","itemListElement":[{"@type":"ListItem","position":1,"name":"Home","item":"https:\/\/tasimaliegitim.com\/blog\/"},{"@type":"ListItem","position":2,"name":"2020 y\u0131l\u0131 Ta\u015f\u0131mal\u0131 e\u011fitim ara\u00e7lar\u0131nda aranacak \u015fartlar"}]},{"@type":"WebSite","@id":"https:\/\/tasimaliegitim.com\/blog\/#website","url":"https:\/\/tasimaliegitim.com\/blog\/","name":"Ta\u015f\u0131mal\u0131 E\u011fitim Blog","description":"","publisher":{"@id":"https:\/\/tasimaliegitim.com\/blog\/#organization"},"potentialAction":[{"@type":"SearchAction","target":{"@type":"EntryPoint","urlTemplate":"https:\/\/tasimaliegitim.com\/blog\/?s={search_term_string}"},"query-input":{"@type":"PropertyValueSpecification","valueRequired":true,"valueName":"search_term_string"}}],"inLanguage":"tr"},{"@type":"Organization","@id":"https:\/\/tasimaliegitim.com\/blog\/#organization","name":"ta\u015f\u0131mal\u0131 e\u011fitim","url":"https:\/\/tasimaliegitim.com\/blog\/","logo":{"@type":"ImageObject","inLanguage":"tr","@id":"https:\/\/tasimaliegitim.com\/blog\/#\/schema\/logo\/image\/","url":"https:\/\/tasimaliegitim.com\/blog\/wp-content\/uploads\/2019\/09\/logo-3.png","contentUrl":"https:\/\/tasimaliegitim.com\/blog\/wp-content\/uploads\/2019\/09\/logo-3.png","width":216,"height":57,"caption":"ta\u015f\u0131mal\u0131 e\u011fitim"},"image":{"@id":"https:\/\/tasimaliegitim.com\/blog\/#\/schema\/logo\/image\/"}},{"@type":"Person","@id":"https:\/\/tasimaliegitim.com\/blog\/#\/schema\/person\/f0b2a53e96774623e2ea0973366f418e","name":"admin","image":{"@type":"ImageObject","inLanguage":"tr","@id":"https:\/\/tasimaliegitim.com\/blog\/#\/schema\/person\/image\/","url":"https:\/\/secure.gravatar.com\/avatar\/b0136991bbc1f5b7411487ffe4ff0eb3e510b382cf7e429f5f00f3e801a85223?s=96&d=mm&r=g","contentUrl":"https:\/\/secure.gravatar.com\/avatar\/b0136991bbc1f5b7411487ffe4ff0eb3e510b382cf7e429f5f00f3e801a85223?s=96&d=mm&r=g","caption":"admin"},"url":"https:\/\/tasimaliegitim.com\/blog\/author\/admin\/"}]}},"amp_enabled":true,"_links":{"self":[{"href":"https:\/\/tasimaliegitim.com\/blog\/wp-json\/wp\/v2\/posts\/337","targetHints":{"allow":["GET"]}}],"collection":[{"href":"https:\/\/tasimaliegitim.com\/blog\/wp-json\/wp\/v2\/posts"}],"about":[{"href":"https:\/\/tasimaliegitim.com\/blog\/wp-json\/wp\/v2\/types\/post"}],"author":[{"embeddable":true,"href":"https:\/\/tasimaliegitim.com\/blog\/wp-json\/wp\/v2\/users\/2"}],"replies":[{"embeddable":true,"href":"https:\/\/tasimaliegitim.com\/blog\/wp-json\/wp\/v2\/comments?post=337"}],"version-history":[{"count":2,"href":"https:\/\/tasimaliegitim.com\/blog\/wp-json\/wp\/v2\/posts\/337\/revisions"}],"predecessor-version":[{"id":340,"href":"https:\/\/tasimaliegitim.com\/blog\/wp-json\/wp\/v2\/posts\/337\/revisions\/340"}],"wp:featuredmedia":[{"embeddable":true,"href":"https:\/\/tasimaliegitim.com\/blog\/wp-json\/wp\/v2\/media\/338"}],"wp:attachment":[{"href":"https:\/\/tasimaliegitim.com\/blog\/wp-json\/wp\/v2\/media?parent=337"}],"wp:term":[{"taxonomy":"category","embeddable":true,"href":"https:\/\/tasimaliegitim.com\/blog\/wp-json\/wp\/v2\/categories?post=337"},{"taxonomy":"post_tag","embeddable":true,"href":"https:\/\/tasimaliegitim.com\/blog\/wp-json\/wp\/v2\/tags?post=337"}],"curies":[{"name":"wp","href":"https:\/\/api.w.org\/{rel}","templated":true}]}}